{"id":12250,"date":"2020-06-27T23:38:02","date_gmt":"2020-06-27T22:38:02","guid":{"rendered":"http:\/\/huete.org\/wp\/?p=12250"},"modified":"2020-06-28T00:20:33","modified_gmt":"2020-06-27T23:20:33","slug":"12250","status":"publish","type":"post","link":"https:\/\/www.huete.org\/wp\/12250\/","title":{"rendered":"Primer d\u00eda con m\u00e1s consumo de agua que la disponible, por lo que se exige CONSUMO RESPONSABLE"},"content":{"rendered":"<p>Hoy s\u00e1bado 27 de junio ha sido el primer d\u00eda del a\u00f1o en el que se ha gastado en el n\u00facleo de Huete m\u00e1s agua que la captada a la red de abastecimiento a trav\u00e9s de sus tres manantiales. Un gran consumo de agua como consecuencia del incremento notable de personas que est\u00e1n este fin de semana en Huete, y con motivo del propio aumento del consumo en \u00e9poca estival, como pudiera ser en piscinas, huertos, jardines, etc.<\/p>\n<p>Todo ello ha provocado la bajada del nivel de los dep\u00f3sitos de agua de la ciudad, al gastar m\u00e1s agua que entra.<\/p>\n<p>Hemos realizado, en el dep\u00f3sito del castillo, un aforo de caudales y entre las tres captaciones tenemos 14,30 litros \/ segundo, es decir, 1.235.000 litros al d\u00eda que entran al dep\u00f3sito. Con esta situaci\u00f3n, y sin tener ninguna aver\u00eda ni anomal\u00eda en la red, podemos asegurar que este s\u00e1bado se ha gastado en Huete bastante m\u00e1s de esa cantidad, porque ayer viernes por la noche los dep\u00f3sitos estaban llenos.<\/p>\n<p>Si en invierno nos sobra con esa cantidad m\u00e1xima de captaci\u00f3n, hay d\u00edas durante el verano que es insuficiente, sobre todo desde el a\u00f1o 2017, y cada a\u00f1o notamos que el gasto es mayor, teniendo m\u00e1s o menos el mismo volumen de agua de nuestros manantiales.<\/p>\n<p>Esta semana hemos limpiado el manantial de Valdilongo, el lunes tenemos programada la limpieza y revisi\u00f3n del de Valdecabras. Con ello nos aseguramos que no se pierda ni una gota de agua, pero el volumen que tienen dichas captaciones es el que es.<\/p>\n<p>Por todo ello, y ante la previsi\u00f3n de escasez de agua, desde el Ayuntamiento de Huete <strong>SE EXIGE UN CONSUMO DE AGUA RESPONSABLE<\/strong> por particulares y empresas para ayudar a garantizar el abastecimiento de agua a toda la poblaci\u00f3n, restringiendo el riego de jardines y el cambio de agua en piscinas a lo estrictamente necesario durante este verano.<\/p>\n<p>A partir de ma\u00f1ana, si no mejora la situaci\u00f3n, comenzaremos a gestionar una distribuci\u00f3n del abastecimiento de agua por zonas y horarios para que dispongan de agua las viviendas de la parte alta que son los primeros que sufren su p\u00e9rdida.<\/p>\n<p>A partir de ahora, y viendo que esta problem\u00e1tica se acent\u00faa cada verano, vamos a trabajar para dar una soluci\u00f3n llevando otra captaci\u00f3n al dep\u00f3sito, no nos queda otra, porque queremos que Huete se llene, venga gente y tenga vida, y no conformarnos con el consumo de la poblaci\u00f3n empadronada y habitual durante el a\u00f1o.<\/p>\n<p><strong><em>Lo que se informa para general conocimiento y debido cumplimiento.<\/em><\/strong><\/p>\n<p>V\u00eddeo explicativo del agua disponible en el n\u00facleo de Huete:<\/p>\n<p><iframe src=\"https:\/\/www.youtube.com\/embed\/dVNffGAdVJs\" width=\"560\" height=\"315\" frameborder=\"0\" allowfullscreen=\"allowfullscreen\"><\/iframe><\/p>\n<p><a href=\"https:\/\/www.huete.org\/wp\/wp-content\/uploads\/2020\/06\/bando-falta-agua.jpg\" target=\"_blank\" rel=\"noopener noreferrer\"><img fetchpriority=\"high\" decoding=\"async\" class=\"aligncenter size-medium wp-image-12251\" src=\"https:\/\/www.huete.org\/wp\/wp-content\/uploads\/2020\/06\/bando-falta-agua-212x300.jpg\" alt=\"\" width=\"212\" height=\"300\" srcset=\"https:\/\/www.huete.org\/wp\/wp-content\/uploads\/2020\/06\/bando-falta-agua-212x300.jpg 212w, https:\/\/www.huete.org\/wp\/wp-content\/uploads\/2020\/06\/bando-falta-agua-724x1024.jpg 724w, https:\/\/www.huete.org\/wp\/wp-content\/uploads\/2020\/06\/bando-falta-agua-768x1087.jpg 768w, https:\/\/www.huete.org\/wp\/wp-content\/uploads\/2020\/06\/bando-falta-agua.jpg 1000w\" sizes=\"(max-width: 212px) 100vw, 212px\" \/><\/a><\/p>\n","protected":false},"excerpt":{"rendered":"<p>Hoy s\u00e1bado 27 de junio ha sido el primer d\u00eda del a\u00f1o en el que se ha gastado<\/p>\n","protected":false},"author":2,"featured_media":12252,"comment_status":"closed","ping_status":"closed","sticky":false,"template":"","format":"standard","meta":{"ngg_post_thumbnail":0,"footnotes":""},"categories":[24,9],"tags":[],"class_list":["post-12250","post","type-post","status-publish","format-standard","has-post-thumbnail","hentry","category-informacion-al-ciudadano","category-obras"],"_links":{"self":[{"href":"https:\/\/www.huete.org\/wp\/wp-json\/wp\/v2\/posts\/12250","targetHints":{"allow":["GET"]}}],"collection":[{"href":"https:\/\/www.huete.org\/wp\/wp-json\/wp\/v2\/posts"}],"about":[{"href":"https:\/\/www.huete.org\/wp\/wp-json\/wp\/v2\/types\/post"}],"author":[{"embeddable":true,"href":"https:\/\/www.huete.org\/wp\/wp-json\/wp\/v2\/users\/2"}],"replies":[{"embeddable":true,"href":"https:\/\/www.huete.org\/wp\/wp-json\/wp\/v2\/comments?post=12250"}],"version-history":[{"count":5,"href":"https:\/\/www.huete.org\/wp\/wp-json\/wp\/v2\/posts\/12250\/revisions"}],"predecessor-version":[{"id":12257,"href":"https:\/\/www.huete.org\/wp\/wp-json\/wp\/v2\/posts\/12250\/revisions\/12257"}],"wp:featuredmedia":[{"embeddable":true,"href":"https:\/\/www.huete.org\/wp\/wp-json\/wp\/v2\/media\/12252"}],"wp:attachment":[{"href":"https:\/\/www.huete.org\/wp\/wp-json\/wp\/v2\/media?parent=12250"}],"wp:term":[{"taxonomy":"category","embeddable":true,"href":"https:\/\/www.huete.org\/wp\/wp-json\/wp\/v2\/categories?post=12250"},{"taxonomy":"post_tag","embeddable":true,"href":"https:\/\/www.huete.org\/wp\/wp-json\/wp\/v2\/tags?post=12250"}],"curies":[{"name":"wp","href":"https:\/\/api.w.org\/{rel}","templated":true}]}}