{"id":1843,"date":"2014-11-27T23:20:24","date_gmt":"2014-11-27T22:20:24","guid":{"rendered":"http:\/\/huete.org\/wp\/?p=1843"},"modified":"2014-11-28T00:12:08","modified_gmt":"2014-11-27T23:12:08","slug":"la-obra-del-claustro-de-la-merced-se-retomara-en-breve","status":"publish","type":"post","link":"https:\/\/www.huete.org\/wp\/la-obra-del-claustro-de-la-merced-se-retomara-en-breve\/","title":{"rendered":"La obra del claustro de La Merced se retomar\u00e1 en breve"},"content":{"rendered":"<figure id=\"attachment_1844\" aria-describedby=\"caption-attachment-1844\" style=\"width: 300px\" class=\"wp-caption aligncenter\"><a href=\"https:\/\/www.huete.org\/wp\/wp-content\/uploads\/2014\/11\/2014marcial.jpg\"><img fetchpriority=\"high\" decoding=\"async\" class=\"size-medium wp-image-1844\" src=\"https:\/\/www.huete.org\/wp\/wp-content\/uploads\/2014\/11\/2014marcial-300x207.jpg\" alt=\"El consejero Marcial Mar\u00edn en su visita a Huete\" width=\"300\" height=\"207\" srcset=\"https:\/\/www.huete.org\/wp\/wp-content\/uploads\/2014\/11\/2014marcial-300x207.jpg 300w, https:\/\/www.huete.org\/wp\/wp-content\/uploads\/2014\/11\/2014marcial.jpg 1024w\" sizes=\"(max-width: 300px) 100vw, 300px\" \/><\/a><figcaption id=\"caption-attachment-1844\" class=\"wp-caption-text\">El consejero Marcial Mar\u00edn en su visita a Huete<\/figcaption><\/figure>\n<p>Este jueves el Consejo de Gobierno de la Junta de Comunidades de Castilla-La Mancha ha aprobado una ayuda de 134.037 euros destinada a la rehabilitaci\u00f3n del claustro barroco del antiguo Monasterio de Santa Mar\u00eda de la Merced.<\/p>\n<p><!--more--><\/p>\n<p>Esta importante ayuda permitir\u00e1 retomar las obras de la Merced y gracias a esta actuaci\u00f3n, que comenzar\u00e1 en breves d\u00edas, se integrar\u00e1 el claustro barroco en el Museo de Arte Contempor\u00e1neo Florencio de La Fuente ampliando el espacio expositivo.<\/p>\n<p>El Ayuntamiento de Huete agradece al Gobierno de Cospedal la apuesta por la conservaci\u00f3n y puesta en valor del patrimonio cultural de la regi\u00f3n, con el fin de conservarlo y darle uso para que sea instrumento de desarrollo futuro.<\/p>\n<p><a href=\"http:\/\/vocesdecuenca.com\/web\/voces-de-cuenca\/-\/la-junta-destina-134-037-euros-para-rehabilitar-la-merced-de-huete-y-45-226-para-cubrir-noheda\" target=\"_blank\" rel=\"noopener\">Ver noticia en Voces de Cuenca<\/a><\/p>\n<p><a href=\"https:\/\/www.huete.org\/wp\/?p=380\" target=\"_blank\">Ver noticia de la visita del Consejero a Huete<\/a><\/p>\n","protected":false},"excerpt":{"rendered":"<p>Este jueves el Consejo de Gobierno de la Junta de Comunidades de Castilla-La Mancha ha aprobado una ayuda<\/p>\n","protected":false},"author":2,"featured_media":0,"comment_status":"closed","ping_status":"closed","sticky":false,"template":"","format":"standard","meta":{"ngg_post_thumbnail":0,"footnotes":""},"categories":[5,9],"tags":[],"class_list":["post-1843","post","type-post","status-publish","format-standard","hentry","category-cultura","category-obras"],"_links":{"self":[{"href":"https:\/\/www.huete.org\/wp\/wp-json\/wp\/v2\/posts\/1843","targetHints":{"allow":["GET"]}}],"collection":[{"href":"https:\/\/www.huete.org\/wp\/wp-json\/wp\/v2\/posts"}],"about":[{"href":"https:\/\/www.huete.org\/wp\/wp-json\/wp\/v2\/types\/post"}],"author":[{"embeddable":true,"href":"https:\/\/www.huete.org\/wp\/wp-json\/wp\/v2\/users\/2"}],"replies":[{"embeddable":true,"href":"https:\/\/www.huete.org\/wp\/wp-json\/wp\/v2\/comments?post=1843"}],"version-history":[{"count":4,"href":"https:\/\/www.huete.org\/wp\/wp-json\/wp\/v2\/posts\/1843\/revisions"}],"predecessor-version":[{"id":1848,"href":"https:\/\/www.huete.org\/wp\/wp-json\/wp\/v2\/posts\/1843\/revisions\/1848"}],"wp:attachment":[{"href":"https:\/\/www.huete.org\/wp\/wp-json\/wp\/v2\/media?parent=1843"}],"wp:term":[{"taxonomy":"category","embeddable":true,"href":"https:\/\/www.huete.org\/wp\/wp-json\/wp\/v2\/categories?post=1843"},{"taxonomy":"post_tag","embeddable":true,"href":"https:\/\/www.huete.org\/wp\/wp-json\/wp\/v2\/tags?post=1843"}],"curies":[{"name":"wp","href":"https:\/\/api.w.org\/{rel}","templated":true}]}}