{"id":19461,"date":"2024-05-15T12:29:57","date_gmt":"2024-05-15T11:29:57","guid":{"rendered":"https:\/\/www.huete.org\/wp\/?p=19461"},"modified":"2024-05-22T17:37:05","modified_gmt":"2024-05-22T16:37:05","slug":"toma-de-posesion-del-nuevo-concejal-de-huete-francisco-javier-baquero-lopez","status":"publish","type":"post","link":"https:\/\/www.huete.org\/wp\/toma-de-posesion-del-nuevo-concejal-de-huete-francisco-javier-baquero-lopez\/","title":{"rendered":"Toma de posesi\u00f3n del nuevo concejal de Huete, Francisco Javier Baquero L\u00f3pez"},"content":{"rendered":"<p>En la tarde de este martes 14 de mayo ha tomado posesi\u00f3n del cargo de concejal del Ayuntamiento de Huete Francisco Javier Baquero L\u00f3pez, que sustituye a Jos\u00e9 Ignacio Ruiz Agudo, en un pleno extraordinario convocado tambi\u00e9n para proceder al sorteo de mesas electorales para las elecciones al parlamento europeo.<\/p>\n<p>Tras la dimisi\u00f3n del anterior concejal de agricultura, dando cuenta al pleno del mes de diciembre, la siguiente candidata en la lista electoral del Partido Popular, Almudena Mart\u00ednez Rojas, present\u00f3 renuncia por lo que el siguiente en la lista, el n\u00famero 7, ha sido a quien le ha correspondido la credencial de concejal que expidi\u00f3 el 6 de mayo la Junta Electoral Central.<\/p>\n<p>El nuevo concejal ha jurado su cargo ante la Corporaci\u00f3n Municipal y el p\u00fablico asistente, siendo felicitado por sus compa\u00f1eros de Corporaci\u00f3n y dese\u00e1ndole mucho \u00e1nimo y lo mejor en esta nueva etapa en el Ayuntamiento de Huete.<\/p>\n<p>El Alcalde de Huete, Francisco Javier Dom\u00e9nech, ha anunciado que las \u00e1reas de las que ser\u00e1 responsable en el Equipo de Gobierno el joven concejal optense ser\u00e1n pr\u00e1cticamente las que dej\u00f3 libre su antecesor, es decir, Promoci\u00f3n Econ\u00f3mica, Agricultura, Reto Demogr\u00e1fico, adem\u00e1s de Tecnolog\u00edas y todo lo relacionado con el medio ambiente.<\/p>\n<p>V\u00eddeo y fotograf\u00edas del pleno de toma de posesi\u00f3n:<\/p>\n<p><iframe title=\"YouTube video player\" src=\"https:\/\/www.youtube.com\/embed\/e8QFRV2Fbbc?si=iLhAXu43TRyAMSSr\" width=\"560\" height=\"315\" frameborder=\"0\" allowfullscreen=\"allowfullscreen\"><\/iframe><\/p>\n<p><a href=\"https:\/\/www.huete.org\/wp\/wp-content\/uploads\/2024\/05\/2024-toma-posesion-franbaquero-1.jpg\"><img fetchpriority=\"high\" decoding=\"async\" class=\"alignnone size-medium wp-image-19464\" src=\"https:\/\/www.huete.org\/wp\/wp-content\/uploads\/2024\/05\/2024-toma-posesion-franbaquero-1-300x169.jpg\" alt=\"\" width=\"300\" height=\"169\" srcset=\"https:\/\/www.huete.org\/wp\/wp-content\/uploads\/2024\/05\/2024-toma-posesion-franbaquero-1-300x169.jpg 300w, https:\/\/www.huete.org\/wp\/wp-content\/uploads\/2024\/05\/2024-toma-posesion-franbaquero-1-1024x576.jpg 1024w, https:\/\/www.huete.org\/wp\/wp-content\/uploads\/2024\/05\/2024-toma-posesion-franbaquero-1-768x432.jpg 768w, https:\/\/www.huete.org\/wp\/wp-content\/uploads\/2024\/05\/2024-toma-posesion-franbaquero-1-1536x864.jpg 1536w, https:\/\/www.huete.org\/wp\/wp-content\/uploads\/2024\/05\/2024-toma-posesion-franbaquero-1.jpg 1600w\" sizes=\"(max-width: 300px) 100vw, 300px\" \/><\/a><\/p>\n<p><a href=\"https:\/\/www.huete.org\/wp\/wp-content\/uploads\/2024\/05\/2024-toma-posesion-franbaquero-3.jpg\" target=\"_blank\" rel=\"noopener\"><img decoding=\"async\" class=\"alignnone size-medium wp-image-19462\" src=\"https:\/\/www.huete.org\/wp\/wp-content\/uploads\/2024\/05\/2024-toma-posesion-franbaquero-3-300x249.jpg\" alt=\"\" width=\"300\" height=\"249\" srcset=\"https:\/\/www.huete.org\/wp\/wp-content\/uploads\/2024\/05\/2024-toma-posesion-franbaquero-3-300x249.jpg 300w, https:\/\/www.huete.org\/wp\/wp-content\/uploads\/2024\/05\/2024-toma-posesion-franbaquero-3-768x638.jpg 768w, https:\/\/www.huete.org\/wp\/wp-content\/uploads\/2024\/05\/2024-toma-posesion-franbaquero-3.jpg 900w\" sizes=\"(max-width: 300px) 100vw, 300px\" \/><\/a> <a href=\"https:\/\/www.huete.org\/wp\/wp-content\/uploads\/2024\/05\/2024-toma-posesion-franbaquero-2.jpg\" target=\"_blank\" rel=\"noopener\"><img decoding=\"async\" class=\"alignnone size-medium wp-image-19463\" src=\"https:\/\/www.huete.org\/wp\/wp-content\/uploads\/2024\/05\/2024-toma-posesion-franbaquero-2-300x169.jpg\" alt=\"\" width=\"300\" height=\"169\" srcset=\"https:\/\/www.huete.org\/wp\/wp-content\/uploads\/2024\/05\/2024-toma-posesion-franbaquero-2-300x169.jpg 300w, https:\/\/www.huete.org\/wp\/wp-content\/uploads\/2024\/05\/2024-toma-posesion-franbaquero-2-1024x576.jpg 1024w, https:\/\/www.huete.org\/wp\/wp-content\/uploads\/2024\/05\/2024-toma-posesion-franbaquero-2-768x432.jpg 768w, https:\/\/www.huete.org\/wp\/wp-content\/uploads\/2024\/05\/2024-toma-posesion-franbaquero-2-1536x864.jpg 1536w, https:\/\/www.huete.org\/wp\/wp-content\/uploads\/2024\/05\/2024-toma-posesion-franbaquero-2.jpg 1600w\" sizes=\"(max-width: 300px) 100vw, 300px\" \/><\/a><\/p>\n<p>Nuevo Equipo de Gobierno del Ayuntamiento de Huete, seg\u00fan Decreto de Alcald\u00eda 2024-0092 de fecha 16 de mayo de 2024 por el que se modifica la delegaci\u00f3n de funciones a los concejales para la direcci\u00f3n y gesti\u00f3n de los servicios y \u00e1reas correspondientes:<\/p>\n<p><a href=\"https:\/\/www.huete.org\/wp\/wp-content\/uploads\/2024\/05\/2024-equipo-de-gobierno.jpg\" target=\"_blank\" rel=\"noopener\"><img loading=\"lazy\" decoding=\"async\" class=\"alignnone size-medium wp-image-19485\" src=\"https:\/\/www.huete.org\/wp\/wp-content\/uploads\/2024\/05\/2024-equipo-de-gobierno-212x300.jpg\" alt=\"\" width=\"212\" height=\"300\" srcset=\"https:\/\/www.huete.org\/wp\/wp-content\/uploads\/2024\/05\/2024-equipo-de-gobierno-212x300.jpg 212w, https:\/\/www.huete.org\/wp\/wp-content\/uploads\/2024\/05\/2024-equipo-de-gobierno-724x1024.jpg 724w, https:\/\/www.huete.org\/wp\/wp-content\/uploads\/2024\/05\/2024-equipo-de-gobierno-768x1086.jpg 768w, https:\/\/www.huete.org\/wp\/wp-content\/uploads\/2024\/05\/2024-equipo-de-gobierno-1086x1536.jpg 1086w, https:\/\/www.huete.org\/wp\/wp-content\/uploads\/2024\/05\/2024-equipo-de-gobierno.jpg 1131w\" sizes=\"(max-width: 212px) 100vw, 212px\" \/><\/a><\/p>\n<p>&nbsp;<\/p>\n","protected":false},"excerpt":{"rendered":"<p>En la tarde de este martes 14 de mayo ha tomado posesi\u00f3n del cargo de concejal del Ayuntamiento<\/p>\n","protected":false},"author":2,"featured_media":19464,"comment_status":"closed","ping_status":"closed","sticky":false,"template":"","format":"standard","meta":{"ngg_post_thumbnail":0,"footnotes":""},"categories":[10,67,24,6,29],"tags":[],"class_list":["post-19461","post","type-post","status-publish","format-standard","has-post-thumbnail","hentry","category-agricultura","category-ayuntamiento","category-informacion-al-ciudadano","category-nuevas-tecnologias","category-economica"],"_links":{"self":[{"href":"https:\/\/www.huete.org\/wp\/wp-json\/wp\/v2\/posts\/19461","targetHints":{"allow":["GET"]}}],"collection":[{"href":"https:\/\/www.huete.org\/wp\/wp-json\/wp\/v2\/posts"}],"about":[{"href":"https:\/\/www.huete.org\/wp\/wp-json\/wp\/v2\/types\/post"}],"author":[{"embeddable":true,"href":"https:\/\/www.huete.org\/wp\/wp-json\/wp\/v2\/users\/2"}],"replies":[{"embeddable":true,"href":"https:\/\/www.huete.org\/wp\/wp-json\/wp\/v2\/comments?post=19461"}],"version-history":[{"count":5,"href":"https:\/\/www.huete.org\/wp\/wp-json\/wp\/v2\/posts\/19461\/revisions"}],"predecessor-version":[{"id":19493,"href":"https:\/\/www.huete.org\/wp\/wp-json\/wp\/v2\/posts\/19461\/revisions\/19493"}],"wp:featuredmedia":[{"embeddable":true,"href":"https:\/\/www.huete.org\/wp\/wp-json\/wp\/v2\/media\/19464"}],"wp:attachment":[{"href":"https:\/\/www.huete.org\/wp\/wp-json\/wp\/v2\/media?parent=19461"}],"wp:term":[{"taxonomy":"category","embeddable":true,"href":"https:\/\/www.huete.org\/wp\/wp-json\/wp\/v2\/categories?post=19461"},{"taxonomy":"post_tag","embeddable":true,"href":"https:\/\/www.huete.org\/wp\/wp-json\/wp\/v2\/tags?post=19461"}],"curies":[{"name":"wp","href":"https:\/\/api.w.org\/{rel}","templated":true}]}}