{"id":19662,"date":"2024-06-20T20:59:29","date_gmt":"2024-06-20T19:59:29","guid":{"rendered":"https:\/\/www.huete.org\/wp\/?p=19662"},"modified":"2024-06-21T21:01:48","modified_gmt":"2024-06-21T20:01:48","slug":"fiestas-de-valdemoro-del-rey-2024","status":"publish","type":"post","link":"https:\/\/www.huete.org\/wp\/fiestas-de-valdemoro-del-rey-2024\/","title":{"rendered":"Fiestas de Valdemoro del Rey 2024"},"content":{"rendered":"<p>Este fin de semana el pueblo de Valdemoro del Rey celebra sus fiestas patronales en honor a San Juan Bautista. La procesi\u00f3n ser\u00e1 a las 12:00 horas el s\u00e1bado 22 de junio. Actividades y m\u00fasica por la noche con los siguientes grupos: \u201cDisco la Bomba\u201d (viernes), \u201cRevoluzi\u00f3n\u201d (s\u00e1bado), y Fran Moya (domingo), m\u00fasica que amenizar\u00e1n los tres d\u00edas de este fin de semana festivo.<\/p>\n<p>Desde el Ayuntamiento de Huete les deseamos unas felices fiestas de Valdemoro del Rey.<\/p>\n<p><a href=\"https:\/\/www.huete.org\/wp\/wp-content\/uploads\/2024\/06\/2024-fiestas-valdemoro.jpg\" target=\"_blank\" rel=\"noopener\"><img fetchpriority=\"high\" decoding=\"async\" class=\"alignnone size-medium wp-image-19663\" src=\"https:\/\/www.huete.org\/wp\/wp-content\/uploads\/2024\/06\/2024-fiestas-valdemoro-193x300.jpg\" alt=\"\" width=\"193\" height=\"300\" srcset=\"https:\/\/www.huete.org\/wp\/wp-content\/uploads\/2024\/06\/2024-fiestas-valdemoro-193x300.jpg 193w, https:\/\/www.huete.org\/wp\/wp-content\/uploads\/2024\/06\/2024-fiestas-valdemoro.jpg 640w\" sizes=\"(max-width: 193px) 100vw, 193px\" \/><\/a><\/p>\n<p><a href=\"https:\/\/www.huete.org\/wp\/wp-content\/uploads\/2022\/06\/valdemoro-2022-10.jpg\" target=\"_blank\" rel=\"noopener\"><img decoding=\"async\" class=\"alignnone size-medium wp-image-15082\" src=\"https:\/\/www.huete.org\/wp\/wp-content\/uploads\/2022\/06\/valdemoro-2022-10-300x169.jpg\" alt=\"\" width=\"300\" height=\"169\" srcset=\"https:\/\/www.huete.org\/wp\/wp-content\/uploads\/2022\/06\/valdemoro-2022-10-300x169.jpg 300w, https:\/\/www.huete.org\/wp\/wp-content\/uploads\/2022\/06\/valdemoro-2022-10-1024x576.jpg 1024w, https:\/\/www.huete.org\/wp\/wp-content\/uploads\/2022\/06\/valdemoro-2022-10-768x432.jpg 768w, https:\/\/www.huete.org\/wp\/wp-content\/uploads\/2022\/06\/valdemoro-2022-10.jpg 1280w\" sizes=\"(max-width: 300px) 100vw, 300px\" \/><\/a><\/p>\n","protected":false},"excerpt":{"rendered":"<p>Este fin de semana el pueblo de Valdemoro del Rey celebra sus fiestas patronales en honor a San<\/p>\n","protected":false},"author":2,"featured_media":15082,"comment_status":"closed","ping_status":"closed","sticky":false,"template":"","format":"standard","meta":{"ngg_post_thumbnail":0,"footnotes":""},"categories":[8,26],"tags":[],"class_list":["post-19662","post","type-post","status-publish","format-standard","has-post-thumbnail","hentry","category-festejos","category-tablon"],"_links":{"self":[{"href":"https:\/\/www.huete.org\/wp\/wp-json\/wp\/v2\/posts\/19662","targetHints":{"allow":["GET"]}}],"collection":[{"href":"https:\/\/www.huete.org\/wp\/wp-json\/wp\/v2\/posts"}],"about":[{"href":"https:\/\/www.huete.org\/wp\/wp-json\/wp\/v2\/types\/post"}],"author":[{"embeddable":true,"href":"https:\/\/www.huete.org\/wp\/wp-json\/wp\/v2\/users\/2"}],"replies":[{"embeddable":true,"href":"https:\/\/www.huete.org\/wp\/wp-json\/wp\/v2\/comments?post=19662"}],"version-history":[{"count":3,"href":"https:\/\/www.huete.org\/wp\/wp-json\/wp\/v2\/posts\/19662\/revisions"}],"predecessor-version":[{"id":19666,"href":"https:\/\/www.huete.org\/wp\/wp-json\/wp\/v2\/posts\/19662\/revisions\/19666"}],"wp:featuredmedia":[{"embeddable":true,"href":"https:\/\/www.huete.org\/wp\/wp-json\/wp\/v2\/media\/15082"}],"wp:attachment":[{"href":"https:\/\/www.huete.org\/wp\/wp-json\/wp\/v2\/media?parent=19662"}],"wp:term":[{"taxonomy":"category","embeddable":true,"href":"https:\/\/www.huete.org\/wp\/wp-json\/wp\/v2\/categories?post=19662"},{"taxonomy":"post_tag","embeddable":true,"href":"https:\/\/www.huete.org\/wp\/wp-json\/wp\/v2\/tags?post=19662"}],"curies":[{"name":"wp","href":"https:\/\/api.w.org\/{rel}","templated":true}]}}