{"id":19827,"date":"2024-07-24T00:58:08","date_gmt":"2024-07-23T23:58:08","guid":{"rendered":"https:\/\/www.huete.org\/wp\/?p=19827"},"modified":"2024-07-24T00:58:08","modified_gmt":"2024-07-23T23:58:08","slug":"conferencia-los-lienzos-de-la-serie-mariana-del-museo-de-arte-sacro","status":"publish","type":"post","link":"https:\/\/www.huete.org\/wp\/conferencia-los-lienzos-de-la-serie-mariana-del-museo-de-arte-sacro\/","title":{"rendered":"Conferencia \u00abLos lienzos de la serie mariana del Museo de Arte Sacro\u00bb"},"content":{"rendered":"<p>La <em>Fundaci\u00f3n Huete Futuro<\/em> presenta la conferencia: \u00ab<em><strong>Los lienzos de la serie mariana del Museo de Arte Sacro\u00bb\u00a0<\/strong><\/em> impartida por Don Jos\u00e9 \u00c1ngel Rivera de las Heras, doctor en Historia del Arte y Can\u00f3nigo responsable de Patrimonio de la Catedral de Zamora.<\/p>\n<p>En dicho acto la fundaci\u00f3n tambi\u00e9n presentar\u00e1 la tercera de las separatas realizadas en torno a dichos lienzos.<\/p>\n<p>La conferencia tendr\u00e1 lugar el pr\u00f3ximo <b>viernes, 26 de julio a las 20:30h<\/b>\u00a0en la Capilla del Sant\u00edsimo de la iglesia de la Merced.<\/p>\n<p><a href=\"https:\/\/www.huete.org\/wp\/wp-content\/uploads\/2024\/07\/2024-ConferenciaSerieMariana-scaled.jpg\" target=\"_blank\" rel=\"noopener\"><img fetchpriority=\"high\" decoding=\"async\" class=\"alignnone wp-image-19828 size-medium\" src=\"https:\/\/www.huete.org\/wp\/wp-content\/uploads\/2024\/07\/2024-ConferenciaSerieMariana-212x300.jpg\" alt=\"\" width=\"212\" height=\"300\" srcset=\"https:\/\/www.huete.org\/wp\/wp-content\/uploads\/2024\/07\/2024-ConferenciaSerieMariana-212x300.jpg 212w, https:\/\/www.huete.org\/wp\/wp-content\/uploads\/2024\/07\/2024-ConferenciaSerieMariana-724x1024.jpg 724w, https:\/\/www.huete.org\/wp\/wp-content\/uploads\/2024\/07\/2024-ConferenciaSerieMariana-768x1086.jpg 768w, https:\/\/www.huete.org\/wp\/wp-content\/uploads\/2024\/07\/2024-ConferenciaSerieMariana-1086x1536.jpg 1086w, https:\/\/www.huete.org\/wp\/wp-content\/uploads\/2024\/07\/2024-ConferenciaSerieMariana-1448x2048.jpg 1448w, https:\/\/www.huete.org\/wp\/wp-content\/uploads\/2024\/07\/2024-ConferenciaSerieMariana-scaled.jpg 1810w\" sizes=\"(max-width: 212px) 100vw, 212px\" \/><\/a><\/p>\n","protected":false},"excerpt":{"rendered":"<p>La Fundaci\u00f3n Huete Futuro presenta la conferencia: \u00abLos lienzos de la serie mariana del Museo de Arte Sacro\u00bb\u00a0<\/p>\n","protected":false},"author":1003,"featured_media":19828,"comment_status":"closed","ping_status":"closed","sticky":false,"template":"","format":"standard","meta":{"ngg_post_thumbnail":0,"footnotes":""},"categories":[5,24],"tags":[],"class_list":["post-19827","post","type-post","status-publish","format-standard","has-post-thumbnail","hentry","category-cultura","category-informacion-al-ciudadano"],"_links":{"self":[{"href":"https:\/\/www.huete.org\/wp\/wp-json\/wp\/v2\/posts\/19827","targetHints":{"allow":["GET"]}}],"collection":[{"href":"https:\/\/www.huete.org\/wp\/wp-json\/wp\/v2\/posts"}],"about":[{"href":"https:\/\/www.huete.org\/wp\/wp-json\/wp\/v2\/types\/post"}],"author":[{"embeddable":true,"href":"https:\/\/www.huete.org\/wp\/wp-json\/wp\/v2\/users\/1003"}],"replies":[{"embeddable":true,"href":"https:\/\/www.huete.org\/wp\/wp-json\/wp\/v2\/comments?post=19827"}],"version-history":[{"count":1,"href":"https:\/\/www.huete.org\/wp\/wp-json\/wp\/v2\/posts\/19827\/revisions"}],"predecessor-version":[{"id":19829,"href":"https:\/\/www.huete.org\/wp\/wp-json\/wp\/v2\/posts\/19827\/revisions\/19829"}],"wp:featuredmedia":[{"embeddable":true,"href":"https:\/\/www.huete.org\/wp\/wp-json\/wp\/v2\/media\/19828"}],"wp:attachment":[{"href":"https:\/\/www.huete.org\/wp\/wp-json\/wp\/v2\/media?parent=19827"}],"wp:term":[{"taxonomy":"category","embeddable":true,"href":"https:\/\/www.huete.org\/wp\/wp-json\/wp\/v2\/categories?post=19827"},{"taxonomy":"post_tag","embeddable":true,"href":"https:\/\/www.huete.org\/wp\/wp-json\/wp\/v2\/tags?post=19827"}],"curies":[{"name":"wp","href":"https:\/\/api.w.org\/{rel}","templated":true}]}}