{"id":209,"date":"2014-02-27T12:33:44","date_gmt":"2014-02-27T12:33:44","guid":{"rendered":"http:\/\/huete.org\/wp\/?p=209"},"modified":"2014-07-08T12:35:05","modified_gmt":"2014-07-08T12:35:05","slug":"209","status":"publish","type":"post","link":"https:\/\/www.huete.org\/wp\/209\/","title":{"rendered":"Ayudas de la Junta para la Guarder\u00eda de Huete"},"content":{"rendered":"<p>El Ayuntamiento de Huete se acoger\u00e1 a las Ayudas que ha convocado la Junta de Comunidades de Castilla-La Mancha para mantenimiento del Centro de Atenci\u00f3n a la Infancia que gestiona el consistorio y agradece la sensibilidad que han tenido con los pueblos m\u00e1s peque\u00f1os, pues es la \u00fanica manera de poder mantener abiertos los centros en el futuro.<!--more--><\/p>\n<p>En total ser\u00e1n m\u00e1s de 250 centros de Educaci\u00f3n Infantil de la regi\u00f3n, de los que una treintena est\u00e1n en la provincia de Cuenca, los que podr\u00e1n beneficiarse de estas ayudas que pretenden apoyar a las familias de Castilla-La Mancha en la conciliaci\u00f3n de la vida laboral y familiar.<\/p>\n<p>Esta ayuda que llegar\u00e1 al Ayuntamiento garantizar\u00e1 el futuro de nuestra Escuela Infantil, ya que el no contar con una ayuda exterior puede suponer no poder mantener el centro en el tiempo, incluso habiendo realizado, en a\u00f1os anteriores por parte del equipo de gobierno, actuaciones encaminadas en todo momento a poder mantener abierto este servicio, como son la reducci\u00f3n de educadoras, la organizaci\u00f3n de eventos extras, o la optimizaci\u00f3n de recursos, todo ello debido a la disminuci\u00f3n del n\u00famero de matriculados y el poder tener un precio competitivo que no fuera una barrera econ\u00f3mica para los padres interesados.<\/p>\n<p>Con estas l\u00edneas el Ayuntamiento quiere agradecer a las trabajadoras del centro su colaboraci\u00f3n en todo momento y por entender que la \u00fanica manera de mantenerlo era poniendo todos de nuestra parte en los momentos complicados. Hoy por hoy, hay 9 ni\u00f1os y se realizan cumplea\u00f1os, otros eventos y la escuela de verano. Tambi\u00e9n agradecemos a los padres la confianza mostrada y a la Junta de Comunidades las ayudas recibidas.<\/p>\n<p>&nbsp;<\/p>\n<p><img decoding=\"async\" src=\"http:\/\/www.huete.org\/web\/noticias\/2014\/img\/2014cai.jpg\" alt=\"Escuela Infantil de Huete\" width=\"800\" border=\"3\" \/><br \/>\nEscuela infantil de Huete<\/p>\n<p><a href=\"http:\/\/vocesdecuenca.com\/web\/voces-de-cuenca\/-\/una-treintena-de-escuelas-infantiles-de-la-provincia-se-podran-beneficiar-de-las-ayudas-de-la-junta\" target=\"_blank\" rel=\"noopener\">Ver noticia en VocesdeCuenca<\/a><\/p>\n","protected":false},"excerpt":{"rendered":"<p>El Ayuntamiento de Huete se acoger\u00e1 a las Ayudas que ha convocado la Junta de Comunidades de Castilla-La<\/p>\n","protected":false},"author":1,"featured_media":0,"comment_status":"closed","ping_status":"closed","sticky":false,"template":"","format":"standard","meta":{"ngg_post_thumbnail":0,"footnotes":""},"categories":[12],"tags":[],"class_list":["post-209","post","type-post","status-publish","format-standard","hentry","category-servicios-sociales"],"_links":{"self":[{"href":"https:\/\/www.huete.org\/wp\/wp-json\/wp\/v2\/posts\/209","targetHints":{"allow":["GET"]}}],"collection":[{"href":"https:\/\/www.huete.org\/wp\/wp-json\/wp\/v2\/posts"}],"about":[{"href":"https:\/\/www.huete.org\/wp\/wp-json\/wp\/v2\/types\/post"}],"author":[{"embeddable":true,"href":"https:\/\/www.huete.org\/wp\/wp-json\/wp\/v2\/users\/1"}],"replies":[{"embeddable":true,"href":"https:\/\/www.huete.org\/wp\/wp-json\/wp\/v2\/comments?post=209"}],"version-history":[{"count":2,"href":"https:\/\/www.huete.org\/wp\/wp-json\/wp\/v2\/posts\/209\/revisions"}],"predecessor-version":[{"id":211,"href":"https:\/\/www.huete.org\/wp\/wp-json\/wp\/v2\/posts\/209\/revisions\/211"}],"wp:attachment":[{"href":"https:\/\/www.huete.org\/wp\/wp-json\/wp\/v2\/media?parent=209"}],"wp:term":[{"taxonomy":"category","embeddable":true,"href":"https:\/\/www.huete.org\/wp\/wp-json\/wp\/v2\/categories?post=209"},{"taxonomy":"post_tag","embeddable":true,"href":"https:\/\/www.huete.org\/wp\/wp-json\/wp\/v2\/tags?post=209"}],"curies":[{"name":"wp","href":"https:\/\/api.w.org\/{rel}","templated":true}]}}