{"id":23320,"date":"2026-09-04T19:18:43","date_gmt":"2026-09-04T18:18:43","guid":{"rendered":"https:\/\/www.huete.org\/wp\/?p=23320"},"modified":"2026-09-04T19:18:43","modified_gmt":"2026-09-04T18:18:43","slug":"aprendiendo-a-volar","status":"publish","type":"post","link":"https:\/\/www.huete.org\/wp\/aprendiendo-a-volar\/","title":{"rendered":"APRENDIENDO A VOLAR"},"content":{"rendered":"<p>&nbsp;<\/p>\n<p>El pr\u00f3ximo <strong>12 de septiembre<\/strong>, a las<strong> 17:30h<\/strong> en el <strong>Sal\u00f3n de Actos del Ayuntamiento<\/strong>, os invitamos a descubrir el fascinante mundo de la aeron\u00e1utica en una actividad especialmente pensada para ni\u00f1os, familias y todos aquellos que sientan curiosidad por el apasionante mundo de la aviaci\u00f3n.<\/p>\n<p>Una actividad para compartir en familia y disfrutar de una tarde diferente, acerc\u00e1ndonos a la aeron\u00e1utica de una manera amena y educativa.<\/p>\n<p>Os esperamos para vivir juntos est\u00e1 aventura y comenzar a aprender a volar.<\/p>\n<p><a href=\"https:\/\/www.huete.org\/wp\/wp-content\/uploads\/2026\/09\/WhatsApp-Image-2026-09-04-at-09.24.23.jpeg\" target=\"_blank\" rel=\"noopener\"><img fetchpriority=\"high\" decoding=\"async\" class=\"alignnone wp-image-23321 size-medium\" src=\"https:\/\/www.huete.org\/wp\/wp-content\/uploads\/2026\/09\/WhatsApp-Image-2026-09-04-at-09.24.23-213x300.jpeg\" alt=\"\" width=\"213\" height=\"300\" srcset=\"https:\/\/www.huete.org\/wp\/wp-content\/uploads\/2026\/09\/WhatsApp-Image-2026-09-04-at-09.24.23-213x300.jpeg 213w, https:\/\/www.huete.org\/wp\/wp-content\/uploads\/2026\/09\/WhatsApp-Image-2026-09-04-at-09.24.23-725x1024.jpeg 725w, https:\/\/www.huete.org\/wp\/wp-content\/uploads\/2026\/09\/WhatsApp-Image-2026-09-04-at-09.24.23-768x1084.jpeg 768w, https:\/\/www.huete.org\/wp\/wp-content\/uploads\/2026\/09\/WhatsApp-Image-2026-09-04-at-09.24.23.jpeg 960w\" sizes=\"(max-width: 213px) 100vw, 213px\" \/><\/a><\/p>\n<p>&nbsp;<\/p>\n<p>&nbsp;<\/p>\n","protected":false},"excerpt":{"rendered":"<p>&nbsp; El pr\u00f3ximo 12 de septiembre, a las 17:30h en el Sal\u00f3n de Actos del Ayuntamiento, os invitamos<\/p>\n","protected":false},"author":1003,"featured_media":23321,"comment_status":"closed","ping_status":"closed","sticky":false,"template":"","format":"standard","meta":{"ngg_post_thumbnail":0,"footnotes":""},"categories":[26],"tags":[],"class_list":["post-23320","post","type-post","status-publish","format-standard","has-post-thumbnail","hentry","category-tablon"],"_links":{"self":[{"href":"https:\/\/www.huete.org\/wp\/wp-json\/wp\/v2\/posts\/23320","targetHints":{"allow":["GET"]}}],"collection":[{"href":"https:\/\/www.huete.org\/wp\/wp-json\/wp\/v2\/posts"}],"about":[{"href":"https:\/\/www.huete.org\/wp\/wp-json\/wp\/v2\/types\/post"}],"author":[{"embeddable":true,"href":"https:\/\/www.huete.org\/wp\/wp-json\/wp\/v2\/users\/1003"}],"replies":[{"embeddable":true,"href":"https:\/\/www.huete.org\/wp\/wp-json\/wp\/v2\/comments?post=23320"}],"version-history":[{"count":2,"href":"https:\/\/www.huete.org\/wp\/wp-json\/wp\/v2\/posts\/23320\/revisions"}],"predecessor-version":[{"id":23323,"href":"https:\/\/www.huete.org\/wp\/wp-json\/wp\/v2\/posts\/23320\/revisions\/23323"}],"wp:featuredmedia":[{"embeddable":true,"href":"https:\/\/www.huete.org\/wp\/wp-json\/wp\/v2\/media\/23321"}],"wp:attachment":[{"href":"https:\/\/www.huete.org\/wp\/wp-json\/wp\/v2\/media?parent=23320"}],"wp:term":[{"taxonomy":"category","embeddable":true,"href":"https:\/\/www.huete.org\/wp\/wp-json\/wp\/v2\/categories?post=23320"},{"taxonomy":"post_tag","embeddable":true,"href":"https:\/\/www.huete.org\/wp\/wp-json\/wp\/v2\/tags?post=23320"}],"curies":[{"name":"wp","href":"https:\/\/api.w.org\/{rel}","templated":true}]}}