{"id":257,"date":"2014-04-01T08:35:44","date_gmt":"2014-04-01T08:35:44","guid":{"rendered":"http:\/\/huete.org\/wp\/?p=257"},"modified":"2014-07-09T08:36:31","modified_gmt":"2014-07-09T08:36:31","slug":"2s-gala-benefica-a-favor-del-museo-etnografico-de-huete","status":"publish","type":"post","link":"https:\/\/www.huete.org\/wp\/2s-gala-benefica-a-favor-del-museo-etnografico-de-huete\/","title":{"rendered":"2\u015e Gala Ben\u00e9fica a favor del Museo Etnogr\u00e1fico de Huete"},"content":{"rendered":"<p><span class=\"nresumen\">El pr\u00f3ximo <b>s\u00e1bado 5 de abril<\/b> se celebrar\u00e1 la segunda Gala Ben\u00e9fica a favor del Museo Etnogr\u00e1fico de Huete, que tendr\u00e1 lugar en el Sal\u00f3n de Actos del Ayuntamiento de Huete a las 19:30 horas. El p\u00fablico podr\u00e1 disfrutar de la ejecuci\u00f3n en vivo de los cuatro estilos de la danza espa\u0144ola, a cargo del Grupo Universitario Complutense de Danza Espa\u0144ola. La totalidad de lo recaudado ir\u00e1 destinado a inversi\u00f3n para mejora del Museo Etnogr\u00e1fico de Huete. Si no puede asistir y quiere colaborar, existe FILA CERO en la oficina de turismo<\/p>\n<p>Por otro lado, anunciamos tambi\u00e9n que este <b>viernes 28 de marzo<\/b> tendr\u00e1 lugar una <b>reuni\u00f3n informativa<\/b> para dar a conocer el proyecto de <b><span style=\"text-decoration: underline;\">Asociaci\u00f3n de Amigos del Museo Etnogr\u00e1fico<\/span><\/b> y proyectos de mejora en el mismo. Ser\u00e1 en el Sal\u00f3n de Plenos a las 19:30 horas del viernes 28 de marzo. Si quieres pertenecer a la nueva Asociaci\u00f3n, recoge el impreso de solicitud en la oficina de turismo o en el propio Ayuntamiento<\/p>\n<p><a href=\"http:\/\/www.huete.org\/web\/noticias\/2014\/img\/meh\/2014meh.jpg\" target=\"blanck\">Ver cartel anunciador de la Gala<\/a><br \/>\n<a href=\"http:\/\/www.huete.org\/web\/noticias\/2014\/pdf\/2014meh1.pdf\" target=\"blanck\">Ver programa de la Gala Ben\u00e9fica<\/a><br \/>\n<a href=\"http:\/\/www.huete.org\/web\/noticias\/2014\/pdf\/2014meh2.pdf\" target=\"blanck\">Descargar hoja de inscripci\u00f3n a la Asociaci\u00f3n del MEH<\/a><\/span><\/p>\n<p><!--more--><\/p>\n<p><a href=\"http:\/\/www.huete.org\/web\/noticias\/2014\/img\/meh\/2014meh.jpg\"><img fetchpriority=\"high\" decoding=\"async\" class=\"aligncenter\" src=\"http:\/\/www.huete.org\/web\/noticias\/2014\/img\/meh\/2014meh.jpg\" alt=\"\" width=\"800\" height=\"1068\" \/><\/a><\/p>\n","protected":false},"excerpt":{"rendered":"<p>El pr\u00f3ximo s\u00e1bado 5 de abril se celebrar\u00e1 la segunda Gala Ben\u00e9fica a favor del Museo Etnogr\u00e1fico de<\/p>\n","protected":false},"author":1,"featured_media":0,"comment_status":"closed","ping_status":"closed","sticky":false,"template":"","format":"standard","meta":{"ngg_post_thumbnail":0,"footnotes":""},"categories":[5],"tags":[],"class_list":["post-257","post","type-post","status-publish","format-standard","hentry","category-cultura"],"_links":{"self":[{"href":"https:\/\/www.huete.org\/wp\/wp-json\/wp\/v2\/posts\/257","targetHints":{"allow":["GET"]}}],"collection":[{"href":"https:\/\/www.huete.org\/wp\/wp-json\/wp\/v2\/posts"}],"about":[{"href":"https:\/\/www.huete.org\/wp\/wp-json\/wp\/v2\/types\/post"}],"author":[{"embeddable":true,"href":"https:\/\/www.huete.org\/wp\/wp-json\/wp\/v2\/users\/1"}],"replies":[{"embeddable":true,"href":"https:\/\/www.huete.org\/wp\/wp-json\/wp\/v2\/comments?post=257"}],"version-history":[{"count":1,"href":"https:\/\/www.huete.org\/wp\/wp-json\/wp\/v2\/posts\/257\/revisions"}],"predecessor-version":[{"id":258,"href":"https:\/\/www.huete.org\/wp\/wp-json\/wp\/v2\/posts\/257\/revisions\/258"}],"wp:attachment":[{"href":"https:\/\/www.huete.org\/wp\/wp-json\/wp\/v2\/media?parent=257"}],"wp:term":[{"taxonomy":"category","embeddable":true,"href":"https:\/\/www.huete.org\/wp\/wp-json\/wp\/v2\/categories?post=257"},{"taxonomy":"post_tag","embeddable":true,"href":"https:\/\/www.huete.org\/wp\/wp-json\/wp\/v2\/tags?post=257"}],"curies":[{"name":"wp","href":"https:\/\/api.w.org\/{rel}","templated":true}]}}