{"id":3464,"date":"2015-11-02T07:19:08","date_gmt":"2015-11-02T06:19:08","guid":{"rendered":"http:\/\/huete.org\/wp\/?p=3464"},"modified":"2015-11-02T13:36:44","modified_gmt":"2015-11-02T12:36:44","slug":"un-nuevo-patronato-gestionara-la-fundacion-florencio-de-la-fuente-fff","status":"publish","type":"post","link":"https:\/\/www.huete.org\/wp\/un-nuevo-patronato-gestionara-la-fundacion-florencio-de-la-fuente-fff\/","title":{"rendered":"Un nuevo patronato gestionar\u00e1 la Fundaci\u00f3n Florencio de la Fuente (FFF)"},"content":{"rendered":"<p><a href=\"https:\/\/www.huete.org\/wp\/wp-content\/uploads\/2015\/01\/museofff.jpg\"><img fetchpriority=\"high\" decoding=\"async\" class=\"aligncenter size-medium wp-image-1988\" src=\"https:\/\/www.huete.org\/wp\/wp-content\/uploads\/2015\/01\/museofff-300x225.jpg\" alt=\"museofff\" width=\"300\" height=\"225\" srcset=\"https:\/\/www.huete.org\/wp\/wp-content\/uploads\/2015\/01\/museofff-300x225.jpg 300w, https:\/\/www.huete.org\/wp\/wp-content\/uploads\/2015\/01\/museofff.jpg 800w\" sizes=\"(max-width: 300px) 100vw, 300px\" \/><\/a><\/p>\n<h3>HUETE SER\u00c1 TAMBI\u00c9N LA \u00abCIUDAD DE LOS ARTISTAS\u00bb<\/h3>\n<p>En este mes de noviembre se producir\u00e1 la modificaci\u00f3n del patronato de la Fundaci\u00f3n Florencio de la Fuente cuya presidenta pasar\u00e1 a ser Consuelo Chacon (<strong><a href=\"http:\/\/www.consuelochacon.com\" target=\"_blank\" rel=\"noopener\">www.consuelochacon.com<\/a><\/strong>), artista natural de Huete con una amplia experiencia reconocida en el mundo art\u00edstico espa\u00f1ol.<\/p>\n<p><!--more--><\/p>\n<p>Junto a \u00a0Consuelo iniciar\u00e1n su actividad en el patronato otras cinco personas especializadas en la rama de comunicaci\u00f3n, bellas artes y gesti\u00f3n cultural (Mercedes Rold\u00e1n, Marisa Cruz, Cani Navarro, Mariana \u00c1lvarez y M\u00f3nica Osuna) \u00a0procedentes de Madrid y con amplia experiencia en exposiciones. Adem\u00e1s continuar\u00e1n en el patronato Maria Jos\u00e9 L\u00f3pez como secretaria, Jes\u00fas Mar\u00eda Rodr\u00edguez \u00a0como vicepresidente, Mariano Caballero, Juan Penalba, Judit Ib\u00e1\u00f1ez, Carlos Rubio, Juan Zamora,\u00a0y como representantes del Ayuntamiento Fernando Romero, Manuel Olarte y Noelia L\u00f3pez.<\/p>\n<p>Una vez culminada la primera fase de regularizaci\u00f3n de la FFF, en esta etapa se quiere posicionar al museo como un referente dentro de las tendencias art\u00edsticas contempor\u00e1neas, donde adem\u00e1s de albergar exposiciones, sea un centro de estudio, aprendizaje e intercambio.<\/p>\n<p>El proyecto de la FFF, que cuenta con el respaldo del Ayuntamiento, quiere ser el <strong>germen de un proyecto m\u00e1s amplio<\/strong>; en palabras del Alcalde de la localidad \u00abHuete ya es la ciudad de los museos y ahora quiere ser la ciudad de los artistas, nuestra ventaja competitiva se encuentra en nuestro rico legado patrimonial, para eso trabajaremos para dotar de nuevos espacios al Convento de la Merced que junto al sal\u00f3n de actos y la sala de conferencias del Museo de Fotograf\u00eda ser\u00e1n el coctel perfecto para cederlos a \u00a0j\u00f3venes artistas espa\u00f1oles y de otros lugares que puedan trabajar y compartir las \u00faltimas tendencias del arte y de las nuevas tecnolog\u00edas. El objetivo no es otro que Huete tenga una actividad cultural de primer orden donde la actividad muse\u00edstica y el trabajo de los artistas y los profesores se interrelacionen y creen sinergias, en resumen no solo buscamos turistas sino gente que venga a trabajar con nuevas ideas.\u00bb<\/p>\n","protected":false},"excerpt":{"rendered":"<p>HUETE SER\u00c1 TAMBI\u00c9N LA \u00abCIUDAD DE LOS ARTISTAS\u00bb En este mes de noviembre se producir\u00e1 la modificaci\u00f3n del<\/p>\n","protected":false},"author":2,"featured_media":0,"comment_status":"closed","ping_status":"closed","sticky":false,"template":"","format":"standard","meta":{"ngg_post_thumbnail":0,"footnotes":""},"categories":[5,11],"tags":[],"class_list":["post-3464","post","type-post","status-publish","format-standard","hentry","category-cultura","category-turismo"],"_links":{"self":[{"href":"https:\/\/www.huete.org\/wp\/wp-json\/wp\/v2\/posts\/3464","targetHints":{"allow":["GET"]}}],"collection":[{"href":"https:\/\/www.huete.org\/wp\/wp-json\/wp\/v2\/posts"}],"about":[{"href":"https:\/\/www.huete.org\/wp\/wp-json\/wp\/v2\/types\/post"}],"author":[{"embeddable":true,"href":"https:\/\/www.huete.org\/wp\/wp-json\/wp\/v2\/users\/2"}],"replies":[{"embeddable":true,"href":"https:\/\/www.huete.org\/wp\/wp-json\/wp\/v2\/comments?post=3464"}],"version-history":[{"count":2,"href":"https:\/\/www.huete.org\/wp\/wp-json\/wp\/v2\/posts\/3464\/revisions"}],"predecessor-version":[{"id":3466,"href":"https:\/\/www.huete.org\/wp\/wp-json\/wp\/v2\/posts\/3464\/revisions\/3466"}],"wp:attachment":[{"href":"https:\/\/www.huete.org\/wp\/wp-json\/wp\/v2\/media?parent=3464"}],"wp:term":[{"taxonomy":"category","embeddable":true,"href":"https:\/\/www.huete.org\/wp\/wp-json\/wp\/v2\/categories?post=3464"},{"taxonomy":"post_tag","embeddable":true,"href":"https:\/\/www.huete.org\/wp\/wp-json\/wp\/v2\/tags?post=3464"}],"curies":[{"name":"wp","href":"https:\/\/api.w.org\/{rel}","templated":true}]}}