{"id":3515,"date":"2015-11-20T11:16:17","date_gmt":"2015-11-20T10:16:17","guid":{"rendered":"http:\/\/huete.org\/wp\/?p=3515"},"modified":"2015-11-20T11:16:17","modified_gmt":"2015-11-20T10:16:17","slug":"conmemoracion-del-dia-contra-la-violencia-de-genero","status":"publish","type":"post","link":"https:\/\/www.huete.org\/wp\/conmemoracion-del-dia-contra-la-violencia-de-genero\/","title":{"rendered":"Conmemoraci\u00f3n del D\u00eda Contra la Violencia de G\u00e9nero"},"content":{"rendered":"<p><a href=\"https:\/\/www.huete.org\/wp\/wp-content\/uploads\/2015\/11\/violencia_genero.jpg\"><img fetchpriority=\"high\" decoding=\"async\" class=\"aligncenter size-medium wp-image-3516\" src=\"https:\/\/www.huete.org\/wp\/wp-content\/uploads\/2015\/11\/violencia_genero-300x212.jpg\" alt=\"violencia_genero\" width=\"300\" height=\"212\" srcset=\"https:\/\/www.huete.org\/wp\/wp-content\/uploads\/2015\/11\/violencia_genero-300x212.jpg 300w, https:\/\/www.huete.org\/wp\/wp-content\/uploads\/2015\/11\/violencia_genero-1024x724.jpg 1024w, https:\/\/www.huete.org\/wp\/wp-content\/uploads\/2015\/11\/violencia_genero.jpg 1754w\" sizes=\"(max-width: 300px) 100vw, 300px\" \/><\/a><\/p>\n<p>El pr\u00f3ximo <strong>mi\u00e9rcoles 25 de noviembre<\/strong> se conmemora el D\u00eda Contra la Violencia de G\u00e9nero, y el Ayuntamiento de Huete, a trav\u00e9s del Centro de la Mujer realizar\u00e1 un acto-homenaje a las v\u00edctimas a las <strong>11:00 horas en el Sal\u00f3n de Plenos<\/strong> del Ayuntamiento.<\/p>\n<p>El acto consistir\u00e1 en la colocaci\u00f3n del lazo conmemorativo en el balc\u00f3n del Ayuntamiento y la lectura del manifiesto.\u00a0 Tambi\u00e9n se realizar\u00e1 una proyecci\u00f3n de cortometrajes sobre violencia de g\u00e9nero terminando con un desayuno optense. \u00a1Os esperamos!<\/p>\n","protected":false},"excerpt":{"rendered":"<p>El pr\u00f3ximo mi\u00e9rcoles 25 de noviembre se conmemora el D\u00eda Contra la Violencia de G\u00e9nero, y el Ayuntamiento<\/p>\n","protected":false},"author":2,"featured_media":0,"comment_status":"closed","ping_status":"closed","sticky":false,"template":"","format":"standard","meta":{"ngg_post_thumbnail":0,"footnotes":""},"categories":[12],"tags":[],"class_list":["post-3515","post","type-post","status-publish","format-standard","hentry","category-servicios-sociales"],"_links":{"self":[{"href":"https:\/\/www.huete.org\/wp\/wp-json\/wp\/v2\/posts\/3515","targetHints":{"allow":["GET"]}}],"collection":[{"href":"https:\/\/www.huete.org\/wp\/wp-json\/wp\/v2\/posts"}],"about":[{"href":"https:\/\/www.huete.org\/wp\/wp-json\/wp\/v2\/types\/post"}],"author":[{"embeddable":true,"href":"https:\/\/www.huete.org\/wp\/wp-json\/wp\/v2\/users\/2"}],"replies":[{"embeddable":true,"href":"https:\/\/www.huete.org\/wp\/wp-json\/wp\/v2\/comments?post=3515"}],"version-history":[{"count":1,"href":"https:\/\/www.huete.org\/wp\/wp-json\/wp\/v2\/posts\/3515\/revisions"}],"predecessor-version":[{"id":3517,"href":"https:\/\/www.huete.org\/wp\/wp-json\/wp\/v2\/posts\/3515\/revisions\/3517"}],"wp:attachment":[{"href":"https:\/\/www.huete.org\/wp\/wp-json\/wp\/v2\/media?parent=3515"}],"wp:term":[{"taxonomy":"category","embeddable":true,"href":"https:\/\/www.huete.org\/wp\/wp-json\/wp\/v2\/categories?post=3515"},{"taxonomy":"post_tag","embeddable":true,"href":"https:\/\/www.huete.org\/wp\/wp-json\/wp\/v2\/tags?post=3515"}],"curies":[{"name":"wp","href":"https:\/\/api.w.org\/{rel}","templated":true}]}}