{"id":3533,"date":"2015-12-01T23:53:31","date_gmt":"2015-12-01T22:53:31","guid":{"rendered":"http:\/\/huete.org\/wp\/?p=3533"},"modified":"2015-12-02T00:04:05","modified_gmt":"2015-12-01T23:04:05","slug":"exposicion-artistas-optenses-y-concierto-del-coro-del-conservatorio","status":"publish","type":"post","link":"https:\/\/www.huete.org\/wp\/exposicion-artistas-optenses-y-concierto-del-coro-del-conservatorio\/","title":{"rendered":"Exposici\u00f3n Artistas Optenses y Concierto del Coro del Conservatorio"},"content":{"rendered":"<p><a href=\"https:\/\/www.huete.org\/wp\/wp-content\/uploads\/2015\/12\/expo_huete.jpg\"><img fetchpriority=\"high\" decoding=\"async\" class=\"aligncenter size-medium wp-image-3534\" src=\"https:\/\/www.huete.org\/wp\/wp-content\/uploads\/2015\/12\/expo_huete-212x300.jpg\" alt=\"expo_huete\" width=\"212\" height=\"300\" srcset=\"https:\/\/www.huete.org\/wp\/wp-content\/uploads\/2015\/12\/expo_huete-212x300.jpg 212w, https:\/\/www.huete.org\/wp\/wp-content\/uploads\/2015\/12\/expo_huete-724x1024.jpg 724w, https:\/\/www.huete.org\/wp\/wp-content\/uploads\/2015\/12\/expo_huete.jpg 1000w\" sizes=\"(max-width: 212px) 100vw, 212px\" \/><\/a>El lunes <strong>7 de diciembre a las 20:00 horas<\/strong> en el edificio de La Merced de Huete tendr\u00e1 lugar un concierto a cargo del Coro del Conservatorio de Cuenca patrocinado por el \u00c1rea de Cultura de la Diputaci\u00f3n Provincial.<b> <\/b><\/p>\n<p>Finalizado el concierto se proceder\u00e1 a inaugurar<b> <\/b>la Segunda Edici\u00f3n de la <b>Exposici\u00f3n de J\u00f3venes Artistas Optenses, <\/b>instalada en el Museo de Arte Contempor\u00e1neo Florencio de la Fuente, que permanecer\u00e1 abierta hasta el d\u00eda 11 de enero de 2016. Organiza Asociaci\u00f3n Cultural Ciudad de Huete con la colaboraci\u00f3n del Ayuntamiento de Huete, Fundaci\u00f3n Florencio de la Fuente y con el patrocinio de la Diputaci\u00f3n Provincial de Cuenca.<\/p>\n","protected":false},"excerpt":{"rendered":"<p>El lunes 7 de diciembre a las 20:00 horas en el edificio de La Merced de Huete tendr\u00e1<\/p>\n","protected":false},"author":2,"featured_media":0,"comment_status":"closed","ping_status":"closed","sticky":false,"template":"","format":"standard","meta":{"ngg_post_thumbnail":0,"footnotes":""},"categories":[5],"tags":[],"class_list":["post-3533","post","type-post","status-publish","format-standard","hentry","category-cultura"],"_links":{"self":[{"href":"https:\/\/www.huete.org\/wp\/wp-json\/wp\/v2\/posts\/3533","targetHints":{"allow":["GET"]}}],"collection":[{"href":"https:\/\/www.huete.org\/wp\/wp-json\/wp\/v2\/posts"}],"about":[{"href":"https:\/\/www.huete.org\/wp\/wp-json\/wp\/v2\/types\/post"}],"author":[{"embeddable":true,"href":"https:\/\/www.huete.org\/wp\/wp-json\/wp\/v2\/users\/2"}],"replies":[{"embeddable":true,"href":"https:\/\/www.huete.org\/wp\/wp-json\/wp\/v2\/comments?post=3533"}],"version-history":[{"count":4,"href":"https:\/\/www.huete.org\/wp\/wp-json\/wp\/v2\/posts\/3533\/revisions"}],"predecessor-version":[{"id":3538,"href":"https:\/\/www.huete.org\/wp\/wp-json\/wp\/v2\/posts\/3533\/revisions\/3538"}],"wp:attachment":[{"href":"https:\/\/www.huete.org\/wp\/wp-json\/wp\/v2\/media?parent=3533"}],"wp:term":[{"taxonomy":"category","embeddable":true,"href":"https:\/\/www.huete.org\/wp\/wp-json\/wp\/v2\/categories?post=3533"},{"taxonomy":"post_tag","embeddable":true,"href":"https:\/\/www.huete.org\/wp\/wp-json\/wp\/v2\/tags?post=3533"}],"curies":[{"name":"wp","href":"https:\/\/api.w.org\/{rel}","templated":true}]}}