{"id":3572,"date":"2015-12-19T19:11:45","date_gmt":"2015-12-19T18:11:45","guid":{"rendered":"http:\/\/huete.org\/wp\/?p=3572"},"modified":"2015-12-21T14:07:09","modified_gmt":"2015-12-21T13:07:09","slug":"ricky-davila-en-la-inauguracion-de-la-exposicion-a-matter-of-time","status":"publish","type":"post","link":"https:\/\/www.huete.org\/wp\/ricky-davila-en-la-inauguracion-de-la-exposicion-a-matter-of-time\/","title":{"rendered":"Ricky D\u00e1vila en la inauguraci\u00f3n de la exposici\u00f3n A Matter of Time"},"content":{"rendered":"<p><a href=\"https:\/\/www.huete.org\/wp\/wp-content\/uploads\/2015\/12\/ricky3.jpg\"><img fetchpriority=\"high\" decoding=\"async\" class=\"aligncenter size-medium wp-image-3573\" src=\"https:\/\/www.huete.org\/wp\/wp-content\/uploads\/2015\/12\/ricky3-300x169.jpg\" alt=\"ricky3\" width=\"300\" height=\"169\" srcset=\"https:\/\/www.huete.org\/wp\/wp-content\/uploads\/2015\/12\/ricky3-300x169.jpg 300w, https:\/\/www.huete.org\/wp\/wp-content\/uploads\/2015\/12\/ricky3-1024x576.jpg 1024w, https:\/\/www.huete.org\/wp\/wp-content\/uploads\/2015\/12\/ricky3.jpg 1600w\" sizes=\"(max-width: 300px) 100vw, 300px\" \/><\/a>Este viernes 18 de diciembre el <strong>Museo de Fotograf\u00eda de Huete<\/strong> inaugur\u00f3 la exposici\u00f3n temporal <a href=\"https:\/\/www.huete.org\/wp\/?p=3562\"><em>A Matter Of Time \/ Una Cuesti\u00f3n de Tiempo<\/em><\/a>, comisariada por el director del Centro de Fotograf\u00eda Contempor\u00e1nea de Bilbao <strong><a href=\"http:\/\/www.rickydavila.com\/inicio.php\" target=\"_blank\" rel=\"noopener\">Ricky D\u00e1vila<\/a><\/strong>. La inauguraci\u00f3n corri\u00f3 a cargo del alcalde de Huete, Fernando Romero, del diputado de cultura, Francisco Javier Dom\u00e9nech, y del propio Ricky D\u00e1vila.<\/p>\n<p><!--more--><\/p>\n<p>Se trata de una exposici\u00f3n colectiva en la que han participado\u00a0catorce autores del <a href=\"http:\/\/www.cfcbilbao.com\/es\/\" target=\"_blank\" rel=\"noopener\"><strong>Centro de Fotograf\u00eda Contempor\u00e1nea de Bilbao<\/strong><\/a> que protagonizan la muestra que se podr\u00e1 visitar hasta el pr\u00f3ximo mes de febrero en la sala de exposiciones temporales del Museo.<\/p>\n<p>El alcalde de Huete agradeci\u00f3 al comisario de la exposici\u00f3n su presencia y su trabajo para traer e instalar esta muestra de fotograf\u00eda contempor\u00e1nea en el Museo de Huete, destacando que \u00ab<em>una cuesti\u00f3n de tiempo<\/em> es el t\u00edtulo de la exposici\u00f3n, como tambi\u00e9n lo ha sido, una cuesti\u00f3n de tiempo, el ver cumplidos proyectos como la rehabilitaci\u00f3n de este edificio y puesta en marcha del museo que ha costado a\u00f1os pero que ahora podemos disfrutarlo\u00bb.<\/p>\n<p>Por su parte, el diputado de cultura que tambi\u00e9n es vicepresidente de la Fundaci\u00f3n Antonio P\u00e9rez, destac\u00f3 la colaboraci\u00f3n interinstitucional para conseguir tener un museo con exposiciones de calidad dentro de la vanguardia art\u00edstica de la fotograf\u00eda, como es esta muestra de fotograf\u00eda moderna del CFC Bilbao que junto a la FAP y Ayuntamiento de Huete ha hecho posible que hoy la tengamos en el Museo de Huete.<\/p>\n<p>Ricky D\u00e1vila ha estado vinculado al proyecto del Museo de Fotograf\u00eda de Huete desde sus primeros albores, y ha trasladado en esta inauguraci\u00f3n la voluntad de seguir colaborando en la dinamizaci\u00f3n del mismo como lo est\u00e1 haciendo hasta ahora.<\/p>\n","protected":false},"excerpt":{"rendered":"<p>Este viernes 18 de diciembre el Museo de Fotograf\u00eda de Huete inaugur\u00f3 la exposici\u00f3n temporal A Matter Of<\/p>\n","protected":false},"author":2,"featured_media":0,"comment_status":"closed","ping_status":"closed","sticky":false,"template":"","format":"standard","meta":{"ngg_post_thumbnail":0,"footnotes":""},"categories":[5,11],"tags":[],"class_list":["post-3572","post","type-post","status-publish","format-standard","hentry","category-cultura","category-turismo"],"_links":{"self":[{"href":"https:\/\/www.huete.org\/wp\/wp-json\/wp\/v2\/posts\/3572","targetHints":{"allow":["GET"]}}],"collection":[{"href":"https:\/\/www.huete.org\/wp\/wp-json\/wp\/v2\/posts"}],"about":[{"href":"https:\/\/www.huete.org\/wp\/wp-json\/wp\/v2\/types\/post"}],"author":[{"embeddable":true,"href":"https:\/\/www.huete.org\/wp\/wp-json\/wp\/v2\/users\/2"}],"replies":[{"embeddable":true,"href":"https:\/\/www.huete.org\/wp\/wp-json\/wp\/v2\/comments?post=3572"}],"version-history":[{"count":2,"href":"https:\/\/www.huete.org\/wp\/wp-json\/wp\/v2\/posts\/3572\/revisions"}],"predecessor-version":[{"id":3575,"href":"https:\/\/www.huete.org\/wp\/wp-json\/wp\/v2\/posts\/3572\/revisions\/3575"}],"wp:attachment":[{"href":"https:\/\/www.huete.org\/wp\/wp-json\/wp\/v2\/media?parent=3572"}],"wp:term":[{"taxonomy":"category","embeddable":true,"href":"https:\/\/www.huete.org\/wp\/wp-json\/wp\/v2\/categories?post=3572"},{"taxonomy":"post_tag","embeddable":true,"href":"https:\/\/www.huete.org\/wp\/wp-json\/wp\/v2\/tags?post=3572"}],"curies":[{"name":"wp","href":"https:\/\/api.w.org\/{rel}","templated":true}]}}