{"id":361,"date":"2013-11-25T06:43:45","date_gmt":"2013-11-25T06:43:45","guid":{"rendered":"http:\/\/huete.org\/wp\/?p=361"},"modified":"2014-07-10T06:44:43","modified_gmt":"2014-07-10T06:44:43","slug":"jornada-de-sensibilizacion-del-plamit-en-huete","status":"publish","type":"post","link":"https:\/\/www.huete.org\/wp\/jornada-de-sensibilizacion-del-plamit-en-huete\/","title":{"rendered":"Jornada de Sensibilizaci\u00f3n del Plamit en Huete"},"content":{"rendered":"<p>Huete fue la protagonista de la \u00faltima Jornada de Sensibilizaci\u00f3n del Plamit. Un total de 35 alumnos del ciclo de FP de Alojamientos Tur\u00edsticos del Instituto San Jos\u00e9 conocieron de cerca las actuaciones que el Plan desarrollar\u00e1 en esta localidad.<!--more--><\/p>\n<p>Continuando con las Jornadas de Sensibilizaci\u00f3n incluidas en el Plan de Mejora de las Infraestructuras Tur\u00edsticas de Cuenca (Plamit Cuenca), el pasado jueves, d\u00eda 21, un total de 35 alumnos del Instituto San Jos\u00e9 de Cuenca, m\u00e1s concretamente estudiantes del ciclo de Formaci\u00f3n Profesional en Alojamientos Tur\u00edsticos, conocieron de primera mano las actuaciones que se acometer\u00e1n en esta localidad dentro del Plamit.<\/p>\n<p>La Jornada se dividi\u00f3 en dos partes. As\u00ed, primero fueron recibidos en el Sal\u00f3n de Plenos del Ayuntamiento por Francisco J. Dom\u00e9nech concejal de este ayuntamiento y diputado de Cultura. Dom\u00e9nech les explic\u00f3 los objetivos del Plamit y a la importancia de su intervenci\u00f3n en Huete. A continuaci\u00f3n los t\u00e9cnicos de la empresa encargada del Programa de Sensibilizaci\u00f3n, les mostraron los diferentes aspectos y mecanismos del Plamit para el desarrollo del sector tur\u00edstico en la provincia. En este sentido, se hizo especial hincapi\u00e9 en la necesidad de difundir, sensibilizar, concienciar y apostar por el papel relevante que tienen los ciudadanos en el desarrollo de este sector productivo.<\/p>\n<p>La segunda parte de la Jornada se centr\u00f3 en visitas a las actuaciones donde va a intervenir el Plamit en Huete. Para ello se cont\u00f3 con la participaci\u00f3n y colaboraci\u00f3n de los VolOptenses, una agrupaci\u00f3n de voluntarios culturales del Centro de Mayores que, tras un periodo de formaci\u00f3n, dedican parte de su tiempo a ense\u00f1ar los Museos y el Patrimonio Hist\u00f3rico-Art\u00edstico de la ciudad de Huete. La primera visita fue al Museo Etnogr\u00e1fico, que ofrece al turista una visi\u00f3n de la vida cotidiana de Huete y sus oficios. Durante la visita se incorpor\u00f3 a la misma el alcalde de Huete, Fernando Romero, quien expuso lo importante que ser\u00e1 para el Museo la intervenci\u00f3n que se va a llevar a cabo gracias al Plamit.<\/p>\n<p>Tras la visita al Museo, se efectu\u00f3 un itinerario por la Ciudad para visitar Sta. Mar\u00eda de Atienza, un lugar emblem\u00e1tico que est\u00e1 siendo utilizado para ofrecer conciertos al aire libre. A trav\u00e9s de la restauraci\u00f3n del \u00e1bside y el acondicionamiento de su entorno, podr\u00e1n ofrecerse m\u00e1s conciertos con una mejor adecuaci\u00f3n y comodidad para los asistentes, as\u00ed como la consolidaci\u00f3n y cubrici\u00f3n del \u00e1bside y puesta en valor de su cripta.<\/p>\n<p>Esta visita puso fin a esta Jornada de Sensibilizaci\u00f3n, parte\u00a0fundamental del Plamit de Cuenca, un proyecto de desarrollo local y urbano, cofinanciado con el\u00a0Fondo Europeo de Desarrollo Regional (FEDER) cuyo objetivo principal es la recuperaci\u00f3n y rehabilitaci\u00f3n del patrimonio con el objetivo de que se convierta en motor para la creaci\u00f3n de empleo y riqueza en la provincia de Cuenca.<\/p>\n<table width=\"100%\">\n<tbody>\n<tr>\n<td class=\"textonegro2\" colspan=\"2\" align=\"center\"><img fetchpriority=\"high\" decoding=\"async\" src=\"http:\/\/huete.org\/web\/noticias\/2013\/img\/plamit\/2013plamit6.JPG\" alt=\"\" width=\"800\" height=\"600\" border=\"2\" \/><br \/>\nRecibimiento y charla en el Sal\u00f3n de plenos del Ayuntamiento de Huete<\/td>\n<\/tr>\n<tr>\n<td class=\"textonegro2\" colspan=\"2\" align=\"center\"><\/td>\n<\/tr>\n<tr>\n<td class=\"textonegro2\" colspan=\"2\" align=\"center\"><img decoding=\"async\" src=\"http:\/\/huete.org\/web\/noticias\/2013\/img\/plamit\/2013plamit4.JPG\" alt=\"\" width=\"800\" height=\"600\" border=\"2\" \/><br \/>\nEn el Museo Etnogr\u00e1fico<\/td>\n<\/tr>\n<tr>\n<td class=\"textonegro2\" colspan=\"2\" align=\"center\"><\/td>\n<\/tr>\n<tr>\n<td class=\"textonegro2\" colspan=\"2\" align=\"center\"><img decoding=\"async\" src=\"http:\/\/huete.org\/web\/noticias\/2013\/img\/plamit\/2013plamit5.JPG\" alt=\"\" width=\"800\" height=\"600\" border=\"2\" \/><br \/>\nVisita al \u00e1bside g\u00f3tico de Santa Mar\u00eda de Atienza<\/td>\n<\/tr>\n<\/tbody>\n<\/table>\n","protected":false},"excerpt":{"rendered":"<p>Huete fue la protagonista de la \u00faltima Jornada de Sensibilizaci\u00f3n del Plamit. Un total de 35 alumnos del<\/p>\n","protected":false},"author":1,"featured_media":0,"comment_status":"closed","ping_status":"closed","sticky":false,"template":"","format":"standard","meta":{"ngg_post_thumbnail":0,"footnotes":""},"categories":[11],"tags":[],"class_list":["post-361","post","type-post","status-publish","format-standard","hentry","category-turismo"],"_links":{"self":[{"href":"https:\/\/www.huete.org\/wp\/wp-json\/wp\/v2\/posts\/361","targetHints":{"allow":["GET"]}}],"collection":[{"href":"https:\/\/www.huete.org\/wp\/wp-json\/wp\/v2\/posts"}],"about":[{"href":"https:\/\/www.huete.org\/wp\/wp-json\/wp\/v2\/types\/post"}],"author":[{"embeddable":true,"href":"https:\/\/www.huete.org\/wp\/wp-json\/wp\/v2\/users\/1"}],"replies":[{"embeddable":true,"href":"https:\/\/www.huete.org\/wp\/wp-json\/wp\/v2\/comments?post=361"}],"version-history":[{"count":1,"href":"https:\/\/www.huete.org\/wp\/wp-json\/wp\/v2\/posts\/361\/revisions"}],"predecessor-version":[{"id":362,"href":"https:\/\/www.huete.org\/wp\/wp-json\/wp\/v2\/posts\/361\/revisions\/362"}],"wp:attachment":[{"href":"https:\/\/www.huete.org\/wp\/wp-json\/wp\/v2\/media?parent=361"}],"wp:term":[{"taxonomy":"category","embeddable":true,"href":"https:\/\/www.huete.org\/wp\/wp-json\/wp\/v2\/categories?post=361"},{"taxonomy":"post_tag","embeddable":true,"href":"https:\/\/www.huete.org\/wp\/wp-json\/wp\/v2\/tags?post=361"}],"curies":[{"name":"wp","href":"https:\/\/api.w.org\/{rel}","templated":true}]}}