{"id":3904,"date":"2016-03-11T18:54:44","date_gmt":"2016-03-11T17:54:44","guid":{"rendered":"http:\/\/huete.org\/wp\/?p=3904"},"modified":"2016-03-12T13:07:04","modified_gmt":"2016-03-12T12:07:04","slug":"visita-de-la-presidenta-del-patronato-de-desarrollo-provincial","status":"publish","type":"post","link":"https:\/\/www.huete.org\/wp\/visita-de-la-presidenta-del-patronato-de-desarrollo-provincial\/","title":{"rendered":"Visita de la presidenta del Patronato de Desarrollo Provincial"},"content":{"rendered":"<p><a href=\"https:\/\/www.huete.org\/wp\/wp-content\/uploads\/2016\/03\/VisitandoPoligono.jpg\"><img fetchpriority=\"high\" decoding=\"async\" class=\"aligncenter size-medium wp-image-3905\" src=\"https:\/\/www.huete.org\/wp\/wp-content\/uploads\/2016\/03\/VisitandoPoligono-300x169.jpg\" alt=\"VisitandoPoligono\" width=\"300\" height=\"169\" srcset=\"https:\/\/www.huete.org\/wp\/wp-content\/uploads\/2016\/03\/VisitandoPoligono-300x169.jpg 300w, https:\/\/www.huete.org\/wp\/wp-content\/uploads\/2016\/03\/VisitandoPoligono-1024x576.jpg 1024w, https:\/\/www.huete.org\/wp\/wp-content\/uploads\/2016\/03\/VisitandoPoligono.jpg 1969w\" sizes=\"(max-width: 300px) 100vw, 300px\" \/><\/a>Este jueves d\u00eda 10 de marzo tuvo lugar la visita de la presidenta del Patronato de Desarrollo Provincial de la Excma Diputaci\u00f3n de Cuenca a la ciudad de Huete. En la misma, el Alcalde de la localidad, Fernando Romero, le explic\u00f3 los diferentes proyectos previstos en la ciudad mostrando especial inter\u00e9s en el futuro <strong>centro coworking rural<\/strong> en el monasterio de la Merced y en la <strong>ampliaci\u00f3n del pol\u00edgono industrial el Borbot\u00f3n<\/strong>.<\/p>\n<p>Garc\u00eda Casado ha mostrado su satisfacci\u00f3n por esta visita, que, seg\u00fan ha dicho, le ha servido para conocer el gran potencial tur\u00edstico de Huete y su rico patrimonio hist\u00f3rico-art\u00edstico. Una visita en la que le han trasladado, por parte del alcalde y del presidente de la Fundaci\u00f3n Huete Futuro, los detalles de diversos proyectos, tanto del Ayuntamiento alcarre\u00f1o como de la Fundaci\u00f3n Huete Futuro, encaminados a dinamizar la econom\u00eda de la ciudad de Huete y su comarca.<\/p>\n<p><strong><a href=\"https:\/\/www.dipucuenca.es\/noticias\/-\/publicador\/paloma-garcia-conoce-de-primera-mano-los-recursos-turisticos-y-culturales-de-la-ciudad-de-huete\/WFtHlM4Ja8SC?p_p_auth=W2WTxjBs\" target=\"_blank\" rel=\"noopener\">Ver noticia en la web de la Diputaci\u00f3n<\/a><\/strong><\/p>\n","protected":false},"excerpt":{"rendered":"<p>Este jueves d\u00eda 10 de marzo tuvo lugar la visita de la presidenta del Patronato de Desarrollo Provincial<\/p>\n","protected":false},"author":2,"featured_media":0,"comment_status":"closed","ping_status":"closed","sticky":false,"template":"","format":"standard","meta":{"ngg_post_thumbnail":0,"footnotes":""},"categories":[29],"tags":[],"class_list":["post-3904","post","type-post","status-publish","format-standard","hentry","category-economica"],"_links":{"self":[{"href":"https:\/\/www.huete.org\/wp\/wp-json\/wp\/v2\/posts\/3904","targetHints":{"allow":["GET"]}}],"collection":[{"href":"https:\/\/www.huete.org\/wp\/wp-json\/wp\/v2\/posts"}],"about":[{"href":"https:\/\/www.huete.org\/wp\/wp-json\/wp\/v2\/types\/post"}],"author":[{"embeddable":true,"href":"https:\/\/www.huete.org\/wp\/wp-json\/wp\/v2\/users\/2"}],"replies":[{"embeddable":true,"href":"https:\/\/www.huete.org\/wp\/wp-json\/wp\/v2\/comments?post=3904"}],"version-history":[{"count":5,"href":"https:\/\/www.huete.org\/wp\/wp-json\/wp\/v2\/posts\/3904\/revisions"}],"predecessor-version":[{"id":3910,"href":"https:\/\/www.huete.org\/wp\/wp-json\/wp\/v2\/posts\/3904\/revisions\/3910"}],"wp:attachment":[{"href":"https:\/\/www.huete.org\/wp\/wp-json\/wp\/v2\/media?parent=3904"}],"wp:term":[{"taxonomy":"category","embeddable":true,"href":"https:\/\/www.huete.org\/wp\/wp-json\/wp\/v2\/categories?post=3904"},{"taxonomy":"post_tag","embeddable":true,"href":"https:\/\/www.huete.org\/wp\/wp-json\/wp\/v2\/tags?post=3904"}],"curies":[{"name":"wp","href":"https:\/\/api.w.org\/{rel}","templated":true}]}}