{"id":7111,"date":"2018-04-10T22:12:49","date_gmt":"2018-04-10T21:12:49","guid":{"rendered":"http:\/\/huete.org\/wp\/?p=7111"},"modified":"2018-04-10T22:29:34","modified_gmt":"2018-04-10T21:29:34","slug":"jornada-de-folklore-artesania-cultura-y-reencuentro-de-danzas-en-moncalvillo-de-huete","status":"publish","type":"post","link":"https:\/\/www.huete.org\/wp\/jornada-de-folklore-artesania-cultura-y-reencuentro-de-danzas-en-moncalvillo-de-huete\/","title":{"rendered":"Jornada de Folklore, artesan\u00eda, cultura y reencuentro de danzas en Moncalvillo de Huete"},"content":{"rendered":"<p><a href=\"https:\/\/www.huete.org\/wp\/wp-content\/uploads\/2018\/04\/danzas_moncalvillo.jpg\" target=\"_blank\" rel=\"noopener noreferrer\"><img fetchpriority=\"high\" decoding=\"async\" class=\"aligncenter size-medium wp-image-7112\" src=\"https:\/\/www.huete.org\/wp\/wp-content\/uploads\/2018\/04\/danzas_moncalvillo-213x300.jpg\" alt=\"\" width=\"213\" height=\"300\" srcset=\"https:\/\/www.huete.org\/wp\/wp-content\/uploads\/2018\/04\/danzas_moncalvillo-213x300.jpg 213w, https:\/\/www.huete.org\/wp\/wp-content\/uploads\/2018\/04\/danzas_moncalvillo-768x1080.jpg 768w, https:\/\/www.huete.org\/wp\/wp-content\/uploads\/2018\/04\/danzas_moncalvillo-728x1024.jpg 728w, https:\/\/www.huete.org\/wp\/wp-content\/uploads\/2018\/04\/danzas_moncalvillo.jpg 1422w\" sizes=\"(max-width: 213px) 100vw, 213px\" \/><\/a>El <strong>s\u00e1bado 28 de abril<\/strong> tendr\u00e1 lugar la <strong>Jornada de Folklore, artesan\u00eda, cultura y reencuentro de danzas<\/strong> con motivo del 10\u00ba aniversario de la Asociaci\u00f3n de Danzas y Paloteos de Moncalvillo de Huete quien organiza el evento y que est\u00e1 patrocinado por el CEDER Alcarria Conquense, el Ayuntamiento de Huete y la Diputaci\u00f3n Provincial de Cuenca.<\/p>\n<p><!--more--><\/p>\n<p>La jornada comenzar\u00e1 con la recepci\u00f3n de participantes y un<strong> acto conmemorativo a las 12:00 horas<\/strong>, continuar\u00e1 con la comida popular para todos los asistentes, <strong>muestra folkl\u00f3rica<\/strong> con la actuaci\u00f3n de los grupos de Moncalvillo, Albalate de Zorita y Villalba del Rey, y concluir\u00e1 con la <strong>verbena<\/strong> amenizada por el D\u00fao Embrujo. Todo ello para pasar un d\u00eda de convivencia, mostrar la danza tradicional, y para rendir homenaje a quienes la han perpetuado revitalizando.<\/p>\n<p>Aqu\u00ed dejamos, adem\u00e1s del cartel con la programaci\u00f3n, <a href=\"http:\/\/www.alcarriaesmas.com\/noticias.noticia.php?ID=736\" target=\"_blank\" rel=\"noopener noreferrer\"><strong>art\u00edculo de Alcarria Esm\u00e1s sobre el evento<\/strong><\/a>.<\/p>\n","protected":false},"excerpt":{"rendered":"<p>El s\u00e1bado 28 de abril tendr\u00e1 lugar la Jornada de Folklore, artesan\u00eda, cultura y reencuentro de danzas con<\/p>\n","protected":false},"author":2,"featured_media":0,"comment_status":"closed","ping_status":"closed","sticky":false,"template":"","format":"standard","meta":{"ngg_post_thumbnail":0,"footnotes":""},"categories":[5,8],"tags":[],"class_list":["post-7111","post","type-post","status-publish","format-standard","hentry","category-cultura","category-festejos"],"_links":{"self":[{"href":"https:\/\/www.huete.org\/wp\/wp-json\/wp\/v2\/posts\/7111","targetHints":{"allow":["GET"]}}],"collection":[{"href":"https:\/\/www.huete.org\/wp\/wp-json\/wp\/v2\/posts"}],"about":[{"href":"https:\/\/www.huete.org\/wp\/wp-json\/wp\/v2\/types\/post"}],"author":[{"embeddable":true,"href":"https:\/\/www.huete.org\/wp\/wp-json\/wp\/v2\/users\/2"}],"replies":[{"embeddable":true,"href":"https:\/\/www.huete.org\/wp\/wp-json\/wp\/v2\/comments?post=7111"}],"version-history":[{"count":3,"href":"https:\/\/www.huete.org\/wp\/wp-json\/wp\/v2\/posts\/7111\/revisions"}],"predecessor-version":[{"id":7114,"href":"https:\/\/www.huete.org\/wp\/wp-json\/wp\/v2\/posts\/7111\/revisions\/7114"}],"wp:attachment":[{"href":"https:\/\/www.huete.org\/wp\/wp-json\/wp\/v2\/media?parent=7111"}],"wp:term":[{"taxonomy":"category","embeddable":true,"href":"https:\/\/www.huete.org\/wp\/wp-json\/wp\/v2\/categories?post=7111"},{"taxonomy":"post_tag","embeddable":true,"href":"https:\/\/www.huete.org\/wp\/wp-json\/wp\/v2\/tags?post=7111"}],"curies":[{"name":"wp","href":"https:\/\/api.w.org\/{rel}","templated":true}]}}