{"id":7372,"date":"2018-06-18T22:24:12","date_gmt":"2018-06-18T21:24:12","guid":{"rendered":"http:\/\/huete.org\/wp\/?p=7372"},"modified":"2018-06-18T22:24:12","modified_gmt":"2018-06-18T21:24:12","slug":"campamento-de-verano-de-arte","status":"publish","type":"post","link":"https:\/\/www.huete.org\/wp\/campamento-de-verano-de-arte\/","title":{"rendered":"Campamento de verano de arte"},"content":{"rendered":"<p><a href=\"https:\/\/www.huete.org\/wp\/wp-content\/uploads\/2018\/06\/campamento_verano.jpg\" target=\"_blank\" rel=\"noopener noreferrer\"><img fetchpriority=\"high\" decoding=\"async\" class=\"aligncenter size-medium wp-image-7373\" src=\"https:\/\/www.huete.org\/wp\/wp-content\/uploads\/2018\/06\/campamento_verano-300x212.jpg\" alt=\"\" width=\"300\" height=\"212\" srcset=\"https:\/\/www.huete.org\/wp\/wp-content\/uploads\/2018\/06\/campamento_verano-300x212.jpg 300w, https:\/\/www.huete.org\/wp\/wp-content\/uploads\/2018\/06\/campamento_verano-768x542.jpg 768w, https:\/\/www.huete.org\/wp\/wp-content\/uploads\/2018\/06\/campamento_verano.jpg 1024w\" sizes=\"(max-width: 300px) 100vw, 300px\" \/><\/a><\/p>\n<p>Del 9 al 13 de julio, el MAC Florencio de la Fuente organiza su Campamento de verano donde los ni\u00f1os de 6 a 14 a\u00f1os tendr\u00e1n la oportunidad de trabajar en talleres creativos con dos artistas: Rom\u00e1n Corbato y Basilisa Fiestras. Se practicar\u00e1n expresiones art\u00edsticas como la escultura, pintura, instalaci\u00f3n y dibujo en 5 ma\u00f1anas llenas de arte y experimentaci\u00f3n. Plazas limitadas.<\/p>\n<p>M\u00e1s informaci\u00f3n:&nbsp;<a href=\"http:\/\/www.macflorenciodelafuente.es\/event\/campamento-de-verano-2018\/\" target=\"_blank\" rel=\"noopener noreferrer\">http:\/\/www.macflorenciodelafuente.es\/\u2026\/campamento-de-veran\u2026\/<\/a><\/p>\n","protected":false},"excerpt":{"rendered":"<p>Del 9 al 13 de julio, el MAC Florencio de la Fuente organiza su Campamento de verano donde<\/p>\n","protected":false},"author":2,"featured_media":0,"comment_status":"closed","ping_status":"closed","sticky":false,"template":"","format":"standard","meta":{"ngg_post_thumbnail":0,"footnotes":""},"categories":[5,3],"tags":[],"class_list":["post-7372","post","type-post","status-publish","format-standard","hentry","category-cultura","category-educacion"],"_links":{"self":[{"href":"https:\/\/www.huete.org\/wp\/wp-json\/wp\/v2\/posts\/7372","targetHints":{"allow":["GET"]}}],"collection":[{"href":"https:\/\/www.huete.org\/wp\/wp-json\/wp\/v2\/posts"}],"about":[{"href":"https:\/\/www.huete.org\/wp\/wp-json\/wp\/v2\/types\/post"}],"author":[{"embeddable":true,"href":"https:\/\/www.huete.org\/wp\/wp-json\/wp\/v2\/users\/2"}],"replies":[{"embeddable":true,"href":"https:\/\/www.huete.org\/wp\/wp-json\/wp\/v2\/comments?post=7372"}],"version-history":[{"count":2,"href":"https:\/\/www.huete.org\/wp\/wp-json\/wp\/v2\/posts\/7372\/revisions"}],"predecessor-version":[{"id":7375,"href":"https:\/\/www.huete.org\/wp\/wp-json\/wp\/v2\/posts\/7372\/revisions\/7375"}],"wp:attachment":[{"href":"https:\/\/www.huete.org\/wp\/wp-json\/wp\/v2\/media?parent=7372"}],"wp:term":[{"taxonomy":"category","embeddable":true,"href":"https:\/\/www.huete.org\/wp\/wp-json\/wp\/v2\/categories?post=7372"},{"taxonomy":"post_tag","embeddable":true,"href":"https:\/\/www.huete.org\/wp\/wp-json\/wp\/v2\/tags?post=7372"}],"curies":[{"name":"wp","href":"https:\/\/api.w.org\/{rel}","templated":true}]}}