{"id":7436,"date":"2018-07-07T08:49:57","date_gmt":"2018-07-07T07:49:57","guid":{"rendered":"http:\/\/huete.org\/wp\/?p=7436"},"modified":"2018-07-07T09:10:37","modified_gmt":"2018-07-07T08:10:37","slug":"conciertos-jazz-de-la-fundacion-huete-futuro","status":"publish","type":"post","link":"https:\/\/www.huete.org\/wp\/conciertos-jazz-de-la-fundacion-huete-futuro\/","title":{"rendered":"Conciertos Jazz de la Fundaci\u00f3n Huete Futuro"},"content":{"rendered":"<p><a href=\"http:\/\/frandomenech.com\/temp\/2018conciertofhf1.jpg\" target=\"_blank\" rel=\"noopener noreferrer\"><img fetchpriority=\"high\" decoding=\"async\" class=\"aligncenter size-medium wp-image-7396\" src=\"http:\/\/frandomenech.com\/temp\/2018conciertofhf1.jpg\" alt=\"Conciertos Huete\" width=\"250\" height=\"350\"\/><\/a><\/p>\n<p>El pr\u00f3ximo <strong>14 de Julio de 2018<\/strong>&nbsp;se celebrar\u00e1 a las&nbsp;<strong>21:30 horas<\/strong>&nbsp;en&nbsp;<strong>El \u00c1bside de Santa Mar\u00eda de Atienza<\/strong>&nbsp;el primer&nbsp;concierto de Jazz correspondiente al<a href=\"https:\/\/www.huetefuturo.org\/viii-ciclo-concierto-jazz-solsticio-verano-2018\/\" target=\"_blank\" rel=\"noopener noreferrer\"><strong>&nbsp;VIII Ciclo de Conciertos de Jazz Solsticio de Verano<\/strong>&nbsp;<\/a>que organiza la Fundaci\u00f3n Huete Futuro. Ser\u00e1 a cargo de <strong><em>Menil<\/em><\/strong>.<\/p>\n<p>Asimismo, el&nbsp;<strong><a href=\"https:\/\/www.huetefuturo.org\/concierto-jazz-bodega-2017\/\" target=\"_blank\" rel=\"noopener noreferrer\">segundo concierto<\/a><\/strong>&nbsp;de este ciclo tendr\u00e1 lugar el 21 de julio a las 21:30h en Bodega Calzadilla, a cargo de<strong>&nbsp;\u00ab<em>Bobby Mart\u00ednez &#8211; 5 Overtones<\/em>\u00ab<i><\/i><\/strong><a href=\"http:\/\/frandomenech.com\/temp\/2018conciertofhf2.jpg\" target=\"_blank\" rel=\"noopener noreferrer\"><img decoding=\"async\" class=\"aligncenter size-medium wp-image-7396\" src=\"http:\/\/frandomenech.com\/temp\/2018conciertofhf2.jpg\" alt=\"Conciertos Huete\" width=\"250\" height=\"350\"\/><\/a><\/p>\n","protected":false},"excerpt":{"rendered":"<p>El pr\u00f3ximo 14 de Julio de 2018&nbsp;se celebrar\u00e1 a las&nbsp;21:30 horas&nbsp;en&nbsp;El \u00c1bside de Santa Mar\u00eda de Atienza&nbsp;el primer&nbsp;concierto<\/p>\n","protected":false},"author":2,"featured_media":0,"comment_status":"closed","ping_status":"closed","sticky":false,"template":"","format":"standard","meta":{"ngg_post_thumbnail":0,"footnotes":""},"categories":[5,26],"tags":[],"class_list":["post-7436","post","type-post","status-publish","format-standard","hentry","category-cultura","category-tablon"],"_links":{"self":[{"href":"https:\/\/www.huete.org\/wp\/wp-json\/wp\/v2\/posts\/7436","targetHints":{"allow":["GET"]}}],"collection":[{"href":"https:\/\/www.huete.org\/wp\/wp-json\/wp\/v2\/posts"}],"about":[{"href":"https:\/\/www.huete.org\/wp\/wp-json\/wp\/v2\/types\/post"}],"author":[{"embeddable":true,"href":"https:\/\/www.huete.org\/wp\/wp-json\/wp\/v2\/users\/2"}],"replies":[{"embeddable":true,"href":"https:\/\/www.huete.org\/wp\/wp-json\/wp\/v2\/comments?post=7436"}],"version-history":[{"count":6,"href":"https:\/\/www.huete.org\/wp\/wp-json\/wp\/v2\/posts\/7436\/revisions"}],"predecessor-version":[{"id":7442,"href":"https:\/\/www.huete.org\/wp\/wp-json\/wp\/v2\/posts\/7436\/revisions\/7442"}],"wp:attachment":[{"href":"https:\/\/www.huete.org\/wp\/wp-json\/wp\/v2\/media?parent=7436"}],"wp:term":[{"taxonomy":"category","embeddable":true,"href":"https:\/\/www.huete.org\/wp\/wp-json\/wp\/v2\/categories?post=7436"},{"taxonomy":"post_tag","embeddable":true,"href":"https:\/\/www.huete.org\/wp\/wp-json\/wp\/v2\/tags?post=7436"}],"curies":[{"name":"wp","href":"https:\/\/api.w.org\/{rel}","templated":true}]}}