{"id":7729,"date":"2018-08-01T22:31:17","date_gmt":"2018-08-01T21:31:17","guid":{"rendered":"http:\/\/huete.org\/wp\/?p=7729"},"modified":"2018-08-02T15:47:09","modified_gmt":"2018-08-02T14:47:09","slug":"agosto-radio-chopera","status":"publish","type":"post","link":"https:\/\/www.huete.org\/wp\/agosto-radio-chopera\/","title":{"rendered":"Agosto&#8230;Radio Chopera"},"content":{"rendered":"<p>Empieza agosto y RADIO CHOPERA estrena nuevo horario y programaci\u00f3n. Durante agosto todos los d\u00edas de lunes a viernes programa en directo a las 18,00. Resto horario (ver documento). Si est\u00e1s en Huete (102.5 fm) si est\u00e1s fuera <a href=\"http:\/\/radiochoperahuete.com\/\" target=\"_blank\" rel=\"nofollow noopener noreferrer\" data-ft=\"{&quot;tn&quot;:&quot;-U&quot;}\" data-lynx-mode=\"asynclazy\" data-lynx-uri=\"https:\/\/l.facebook.com\/l.php?u=http%3A%2F%2Fradiochoperahuete.com%2F&amp;h=AT2Vu1qXIjU0JItpjOmWs1JPkLy8orUxEoR5zcFfs7FAJxOUDBGcjJQlQ5aGB7TMHhfn41CR0wF4XbKFmr0_OJ8FrgvyKq2VwnLPv-N0jeUFGaN0ejbUwWhfnZ5ySNLHa_aKBVXGrWMn8Se0ae4ULQED\">radiochoperahuete.com<\/a> o baj\u00e1ndote esta aplicaci\u00f3n: <a href=\"https:\/\/play.google.com\/store\/apps\/details?id=com.listen2myapp.listen2myradio&amp;hl=es_419\" target=\"_blank\" rel=\"nofollow noopener noreferrer\" data-ft=\"{&quot;tn&quot;:&quot;-U&quot;}\" data-lynx-mode=\"asynclazy\" data-lynx-uri=\"https:\/\/l.facebook.com\/l.php?u=https%3A%2F%2Fplay.google.com%2Fstore%2Fapps%2Fdetails%3Fid%3Dcom.listen2myapp.listen2myradio%26hl%3Des_419&amp;h=AT3XMkBEbizrS3DmGGpnDgU_7UmECo_EPJNsXnsOppz-Z_or4_5Q8mdlW-Y1aWtOAvsXktI1NMeDIzVI_1aP1McJE8qlWlJFqqrxVW3_H7ESejP1jc26sD-AtQ_hP9W3QEIAybtPBJHona80E7WR3z9C\">https:\/\/play.google.com\/store\/apps\/details\u2026<\/a><\/p>\n<p>Radio Chopera emitir\u00e1 12 horas al d\u00eda durante el mes de Agosto de acuerdo con el cuadro horario que se adjunta. Ponte al corriente de lo que pasa en Huete sintoniz\u00e1ndola. Para dirigirse a Radio Chopera<\/p>\n<p>Whatsapp (686565286)<\/p>\n<p>Facebook: https:\/\/www.facebook.com\/groups\/radiochopera\/<\/p>\n<p>Mail: radiochopera@gmail.com<\/p>\n<p>Pr\u00f3ximos eventos de la ACARC (Asociaci\u00f3n de Amigos de Radio Chopera).<\/p>\n<p>Charla en Portalrubio de Guadamejud (13\/08\/2018, a las 19,00) y en Huete (Sal\u00f3n de Plenos) el 17\/08\/2018 tema: La historia de la radio en Espa\u00f1a, Las radios Municipales, La publicidad en radio<\/p>\n<p style=\"text-align: center;\">&nbsp;(VER PROGRAMACI\u00d3N DIARIA)<\/p>\n<p style=\"text-align: center;\"><a href=\"https:\/\/www.huete.org\/wp\/wp-content\/uploads\/2018\/08\/cuadro-horario-verano-2018-1.pdf\">cuadro horario verano 2018<\/a><\/p>\n<p><a href=\"https:\/\/www.huete.org\/wp\/wp-content\/uploads\/2018\/08\/cuadro-horario-verano-2018.jpg\"><img fetchpriority=\"high\" decoding=\"async\" class=\"size-medium wp-image-7732 aligncenter\" src=\"https:\/\/www.huete.org\/wp\/wp-content\/uploads\/2018\/08\/cuadro-horario-verano-2018-300x207.jpg\" alt=\"\" width=\"300\" height=\"207\"\/><\/a><\/p>\n<p><a href=\"https:\/\/www.huete.org\/wp\/wp-content\/uploads\/2018\/08\/logo-merchandising.png\"><img decoding=\"async\" class=\"size-medium wp-image-7733 aligncenter\" src=\"https:\/\/www.huete.org\/wp\/wp-content\/uploads\/2018\/08\/logo-merchandising-300x118.png\" alt=\"\" width=\"300\" height=\"118\" srcset=\"https:\/\/www.huete.org\/wp\/wp-content\/uploads\/2018\/08\/logo-merchandising-300x118.png 300w, https:\/\/www.huete.org\/wp\/wp-content\/uploads\/2018\/08\/logo-merchandising-768x301.png 768w, https:\/\/www.huete.org\/wp\/wp-content\/uploads\/2018\/08\/logo-merchandising-1024x402.png 1024w, https:\/\/www.huete.org\/wp\/wp-content\/uploads\/2018\/08\/logo-merchandising.png 1091w\" sizes=\"(max-width: 300px) 100vw, 300px\" \/><\/a><\/p>\n","protected":false},"excerpt":{"rendered":"<p>Empieza agosto y RADIO CHOPERA estrena nuevo horario y programaci\u00f3n. Durante agosto todos los d\u00edas de lunes a<\/p>\n","protected":false},"author":2,"featured_media":0,"comment_status":"closed","ping_status":"closed","sticky":false,"template":"","format":"standard","meta":{"ngg_post_thumbnail":0,"footnotes":""},"categories":[5,24,6],"tags":[],"class_list":["post-7729","post","type-post","status-publish","format-standard","hentry","category-cultura","category-informacion-al-ciudadano","category-nuevas-tecnologias"],"_links":{"self":[{"href":"https:\/\/www.huete.org\/wp\/wp-json\/wp\/v2\/posts\/7729","targetHints":{"allow":["GET"]}}],"collection":[{"href":"https:\/\/www.huete.org\/wp\/wp-json\/wp\/v2\/posts"}],"about":[{"href":"https:\/\/www.huete.org\/wp\/wp-json\/wp\/v2\/types\/post"}],"author":[{"embeddable":true,"href":"https:\/\/www.huete.org\/wp\/wp-json\/wp\/v2\/users\/2"}],"replies":[{"embeddable":true,"href":"https:\/\/www.huete.org\/wp\/wp-json\/wp\/v2\/comments?post=7729"}],"version-history":[{"count":6,"href":"https:\/\/www.huete.org\/wp\/wp-json\/wp\/v2\/posts\/7729\/revisions"}],"predecessor-version":[{"id":7735,"href":"https:\/\/www.huete.org\/wp\/wp-json\/wp\/v2\/posts\/7729\/revisions\/7735"}],"wp:attachment":[{"href":"https:\/\/www.huete.org\/wp\/wp-json\/wp\/v2\/media?parent=7729"}],"wp:term":[{"taxonomy":"category","embeddable":true,"href":"https:\/\/www.huete.org\/wp\/wp-json\/wp\/v2\/categories?post=7729"},{"taxonomy":"post_tag","embeddable":true,"href":"https:\/\/www.huete.org\/wp\/wp-json\/wp\/v2\/tags?post=7729"}],"curies":[{"name":"wp","href":"https:\/\/api.w.org\/{rel}","templated":true}]}}