{"id":850,"date":"2007-10-01T08:42:58","date_gmt":"2007-10-01T08:42:58","guid":{"rendered":"http:\/\/huete.org\/wp\/?p=850"},"modified":"2014-07-24T08:44:01","modified_gmt":"2014-07-24T08:44:01","slug":"850","status":"publish","type":"post","link":"https:\/\/www.huete.org\/wp\/850\/","title":{"rendered":"clausura del TALLER DE ESPECIALIZACION DE EMPLEO"},"content":{"rendered":"<p>La clausura del TALLER DE ESPECIALIZACION DE EMPLEO, ha contado con 20 alumnos de los cuales 14 eran mujeres y seis eran hombres.Ha durando un a\u0144o y se ha cofinanciado entre el Servicio Publico de Empleo de Castilla la Mancha y el Fondo Social europeo. A la clausura asistieron MAR TORRECILLA directora de formacion del SEPECAM, LA DELEGADA DE TRABAJO Y EMPLEO ELENA CARRASCO Y MARIANO MORENO COORDINADOR DEL SEPECAM EN CUENCA. El alcalde agradeci\u00f3 el programa a la Junta de Comunidades y que el TALLER hab\u00eda cumplido dos objetivos fundamentales, crear empleo y formar a futuros trabajadores en una zona deprimida como es la Alcarria Conquense y por otro lado ayudar a la rehabilitacion de un monumento del siglo XVI, el alcalde concluy\u00f3 pidiendo que se le tenga en cuenta en la proxima convocatoria la solicitud de Huete para que sea incluido en otro TALLER DE ESPECIALIZACION DE EMPLEO. Por otra parte Mar Torrecilla recalc\u00f3 el \u00e9xito del TALLER y que la Junta intentar\u00e1 seguir realizando actuaciones en pr\u00f3ximas convocatorias en HUETE. Posteriormente se visit\u00f3 el edificio y se tom\u00f3 un vino de honor. Por \u00faltimo la Delegada de Trabajo visit\u00f3 las instalaciones del ayuntamiento de Huete y del edificio de la Merced acompa\u0144ada por personas de la Corporacion.<!--more--><\/p>\n<table border=\"0\" width=\"100%\">\n<tbody>\n<tr>\n<td colspan=\"2\">\n<div align=\"center\"><img fetchpriority=\"high\" decoding=\"async\" src=\"http:\/\/www.huete.org\/web\/noticias\/img\/2007tepro1.jpg\" alt=\"\" width=\"500\" height=\"308\" border=\"1\" \/><\/div>\n<\/td>\n<\/tr>\n<tr>\n<td colspan=\"2\"><\/td>\n<\/tr>\n<tr>\n<td colspan=\"2\">\n<div align=\"center\"><img decoding=\"async\" src=\"http:\/\/www.huete.org\/web\/noticias\/img\/2007tepro2.jpg\" alt=\"\" width=\"400\" height=\"300\" border=\"1\" \/><\/div>\n<\/td>\n<\/tr>\n<tr>\n<td colspan=\"2\"><\/td>\n<\/tr>\n<tr>\n<td colspan=\"2\">\n<div align=\"center\"><img decoding=\"async\" src=\"http:\/\/www.huete.org\/web\/noticias\/img\/2007tepro3.jpg\" alt=\"\" width=\"400\" height=\"300\" border=\"1\" \/><\/div>\n<\/td>\n<\/tr>\n<\/tbody>\n<\/table>\n","protected":false},"excerpt":{"rendered":"<p>La clausura del TALLER DE ESPECIALIZACION DE EMPLEO, ha contado con 20 alumnos de los cuales 14 eran<\/p>\n","protected":false},"author":1,"featured_media":0,"comment_status":"closed","ping_status":"closed","sticky":false,"template":"","format":"standard","meta":{"ngg_post_thumbnail":0,"footnotes":""},"categories":[24],"tags":[],"class_list":["post-850","post","type-post","status-publish","format-standard","hentry","category-informacion-al-ciudadano"],"_links":{"self":[{"href":"https:\/\/www.huete.org\/wp\/wp-json\/wp\/v2\/posts\/850","targetHints":{"allow":["GET"]}}],"collection":[{"href":"https:\/\/www.huete.org\/wp\/wp-json\/wp\/v2\/posts"}],"about":[{"href":"https:\/\/www.huete.org\/wp\/wp-json\/wp\/v2\/types\/post"}],"author":[{"embeddable":true,"href":"https:\/\/www.huete.org\/wp\/wp-json\/wp\/v2\/users\/1"}],"replies":[{"embeddable":true,"href":"https:\/\/www.huete.org\/wp\/wp-json\/wp\/v2\/comments?post=850"}],"version-history":[{"count":2,"href":"https:\/\/www.huete.org\/wp\/wp-json\/wp\/v2\/posts\/850\/revisions"}],"predecessor-version":[{"id":852,"href":"https:\/\/www.huete.org\/wp\/wp-json\/wp\/v2\/posts\/850\/revisions\/852"}],"wp:attachment":[{"href":"https:\/\/www.huete.org\/wp\/wp-json\/wp\/v2\/media?parent=850"}],"wp:term":[{"taxonomy":"category","embeddable":true,"href":"https:\/\/www.huete.org\/wp\/wp-json\/wp\/v2\/categories?post=850"},{"taxonomy":"post_tag","embeddable":true,"href":"https:\/\/www.huete.org\/wp\/wp-json\/wp\/v2\/tags?post=850"}],"curies":[{"name":"wp","href":"https:\/\/api.w.org\/{rel}","templated":true}]}}