{"id":9921,"date":"2019-07-26T10:21:20","date_gmt":"2019-07-26T09:21:20","guid":{"rendered":"http:\/\/huete.org\/wp\/?p=9921"},"modified":"2019-07-26T10:21:20","modified_gmt":"2019-07-26T09:21:20","slug":"clausura-del-programa-residencia-de-artistas-y-exposicion-de-los-trabajos","status":"publish","type":"post","link":"https:\/\/www.huete.org\/wp\/clausura-del-programa-residencia-de-artistas-y-exposicion-de-los-trabajos\/","title":{"rendered":"Clausura del programa Residencia de Artistas y exposici\u00f3n de los trabajos"},"content":{"rendered":"<p>Este <strong>s\u00e1bado 27 de julio <\/strong>tendr\u00e1 lugar<strong> a las 13:00 horas<\/strong> la exposici\u00f3n de los trabajos realizados en el programa \u00ab<a href=\"http:\/\/www.macflorenciodelafuente.es\/event\/acta-jurado-i-convocatoria-de-residencias-artisticas\/\" target=\"_blank\" rel=\"noopener noreferrer\"><strong>Residencia de Artistas<\/strong><\/a>\u00bb que ha organizado el Museo de Arte Contempor\u00e1neo Florencio de la Fuente.&nbsp;<\/p>\n<p>Se trata de la exposici\u00f3n de los trabajos realizados durante las dos \u00faltimas semanas por los 8 artistas que han vivido en Huete una experiencia de creaci\u00f3n art\u00edstica gracias a este programa, dando participaci\u00f3n a los vecinos de la localidad y llevando las diferentes tem\u00e1ticas que Huete les sugiere a su obra art\u00edstica. Los artistas son Theo Firmo, Paula Fraile, Susana Vi\u00f1olo, Cristina Art\u00e9s &amp; Mar\u00eda Bueno, Liliana Mu\u00f1oz, Monica Mura, Sergio Pradana, y Maite Fesser.<\/p>\n<p>La exposici\u00f3n con las explicaciones de los propios artistas ser\u00e1 en la Sala de Cubiertas del edificio de la Merced (2\u00aa planta), a las 13:00 horas, lugar donde han desarrollado su trabajo durante estas dos semanas, y que <a href=\"https:\/\/www.huete.org\/wp\/?p=9303\" target=\"_blank\" rel=\"noopener noreferrer\"><strong>fue rehabilitado hace unos meses por el Ayuntamiento de Huete<\/strong><\/a>.<\/p>\n<p><a href=\"https:\/\/www.huete.org\/wp\/wp-content\/uploads\/2019\/07\/clausura_residencia_artistas.jpeg\" target=\"_blank\" rel=\"noopener noreferrer\"><img fetchpriority=\"high\" decoding=\"async\" class=\"aligncenter size-medium wp-image-9922\" src=\"https:\/\/www.huete.org\/wp\/wp-content\/uploads\/2019\/07\/clausura_residencia_artistas-300x214.jpeg\" alt=\"\" width=\"300\" height=\"214\" srcset=\"https:\/\/www.huete.org\/wp\/wp-content\/uploads\/2019\/07\/clausura_residencia_artistas-300x214.jpeg 300w, https:\/\/www.huete.org\/wp\/wp-content\/uploads\/2019\/07\/clausura_residencia_artistas-768x548.jpeg 768w, https:\/\/www.huete.org\/wp\/wp-content\/uploads\/2019\/07\/clausura_residencia_artistas-1024x731.jpeg 1024w, https:\/\/www.huete.org\/wp\/wp-content\/uploads\/2019\/07\/clausura_residencia_artistas-700x496.jpeg 700w, https:\/\/www.huete.org\/wp\/wp-content\/uploads\/2019\/07\/clausura_residencia_artistas.jpeg 1600w\" sizes=\"(max-width: 300px) 100vw, 300px\" \/><\/a><\/p>\n","protected":false},"excerpt":{"rendered":"<p>Este s\u00e1bado 27 de julio tendr\u00e1 lugar a las 13:00 horas la exposici\u00f3n de los trabajos realizados en<\/p>\n","protected":false},"author":2,"featured_media":9922,"comment_status":"closed","ping_status":"closed","sticky":false,"template":"","format":"standard","meta":{"ngg_post_thumbnail":0,"footnotes":""},"categories":[5,26],"tags":[],"class_list":["post-9921","post","type-post","status-publish","format-standard","has-post-thumbnail","hentry","category-cultura","category-tablon"],"_links":{"self":[{"href":"https:\/\/www.huete.org\/wp\/wp-json\/wp\/v2\/posts\/9921","targetHints":{"allow":["GET"]}}],"collection":[{"href":"https:\/\/www.huete.org\/wp\/wp-json\/wp\/v2\/posts"}],"about":[{"href":"https:\/\/www.huete.org\/wp\/wp-json\/wp\/v2\/types\/post"}],"author":[{"embeddable":true,"href":"https:\/\/www.huete.org\/wp\/wp-json\/wp\/v2\/users\/2"}],"replies":[{"embeddable":true,"href":"https:\/\/www.huete.org\/wp\/wp-json\/wp\/v2\/comments?post=9921"}],"version-history":[{"count":1,"href":"https:\/\/www.huete.org\/wp\/wp-json\/wp\/v2\/posts\/9921\/revisions"}],"predecessor-version":[{"id":9923,"href":"https:\/\/www.huete.org\/wp\/wp-json\/wp\/v2\/posts\/9921\/revisions\/9923"}],"wp:featuredmedia":[{"embeddable":true,"href":"https:\/\/www.huete.org\/wp\/wp-json\/wp\/v2\/media\/9922"}],"wp:attachment":[{"href":"https:\/\/www.huete.org\/wp\/wp-json\/wp\/v2\/media?parent=9921"}],"wp:term":[{"taxonomy":"category","embeddable":true,"href":"https:\/\/www.huete.org\/wp\/wp-json\/wp\/v2\/categories?post=9921"},{"taxonomy":"post_tag","embeddable":true,"href":"https:\/\/www.huete.org\/wp\/wp-json\/wp\/v2\/tags?post=9921"}],"curies":[{"name":"wp","href":"https:\/\/api.w.org\/{rel}","templated":true}]}}